{"id":300,"date":"2024-09-22T04:38:05","date_gmt":"2024-09-22T03:38:05","guid":{"rendered":"https:\/\/associationguma.org\/?p=300"},"modified":"2024-09-22T04:38:06","modified_gmt":"2024-09-22T03:38:06","slug":"decision-n-002-du-06-juin-2022-creant-des-antennes-de-guma-au-tchad-et-a-bafoussam","status":"publish","type":"post","link":"https:\/\/associationguma.org\/index.php\/2024\/09\/22\/decision-n-002-du-06-juin-2022-creant-des-antennes-de-guma-au-tchad-et-a-bafoussam\/","title":{"rendered":"D\u00e9cision N\u00b0 002 du 06 JUIN 2022 ; cr\u00e9ant des antennes de Guma au Tchad et \u00e0 Bafoussam"},"content":{"rendered":"\n<p>Le Pr\u00e9sident du Bureau Ex\u00e9cutif de Guma (Association pour la Sauvegarde et la Promotion de la Culture Guidar)<br><br><em><\/em><\/p>\n\n\n\n<p><em>Vu les statuts de Guma,<br>Vu les r\u00e9solutions de l\u2019AGO du 19 d\u00e9cembre 2021<\/em><br><em>Vu le proc\u00e8s-verbal &nbsp;des \u00e9lections du 19 d\u00e9cembre 2021,<\/em><br><em>Vu la n\u00e9cessit\u00e9 de service<\/em><\/p>\n\n\n\n<p><strong>DE<\/strong><strong>C<\/strong><strong>I<\/strong><strong>D<\/strong><strong>E<\/strong><strong> <\/strong><strong><\/strong><\/p>\n\n\n\n<p><strong><u>Article 1<\/u><\/strong>.- Sont cr\u00e9\u00e9es les antennes de l\u2019Association pour la promotion de la culture guidar (GUMA) dans les localit\u00e9s suivantes&nbsp;:<\/p>\n\n\n\n<ul class=\"wp-block-list\">\n<li>Ndjam\u00e9na<\/li>\n\n\n\n<li>Bodoro<\/li>\n\n\n\n<li>Gu\u00e9moundang (Binder)<\/li>\n\n\n\n<li>L\u00e9r\u00e9<\/li>\n\n\n\n<li>Moundou<\/li>\n\n\n\n<li>Pala<\/li>\n<\/ul>\n\n\n\n<p><strong><u>Article 2<\/u><\/strong>.- Ces antennes situ\u00e9es au Tchad sont plac\u00e9es sous la coordination nationale de Me Tizi Jo\u00ebl, Premier Vice-Pr\u00e9sident du Bureau Ex\u00e9cutif de Guma.<\/p>\n\n\n\n<p><strong><u>Article 3<\/u><\/strong>.- Est cr\u00e9\u00e9e une antenne de l\u2019Association pour la promotion de la culture guidar (GUMA) \u00e0 Bafoussam.<\/p>\n\n\n\n<p><strong><u>Article 4<\/u><\/strong>.- Les antennes peuvent cr\u00e9er des sous-antennes, en fonction de la n\u00e9cessit\u00e9 d\u2019organisation.<\/p>\n\n\n\n<p>Guider, le 06 juin 2022<\/p>\n\n\n\n<p class=\"has-text-align-right\">Le Pr\u00e9sident du Bureau Ex\u00e9cutif<\/p>\n\n\n\n<p><\/p>\n","protected":false},"excerpt":{"rendered":"<p>Le Pr\u00e9sident du Bureau Ex\u00e9cutif de Guma (Association pour la Sauvegarde et la Promotion de la Culture Guidar) Vu les statuts de Guma,Vu les r\u00e9solutions de l\u2019AGO du 19 d\u00e9cembre 2021Vu le proc\u00e8s-verbal &nbsp;des \u00e9lections du 19 d\u00e9cembre 2021,Vu la n\u00e9cessit\u00e9 de service DECIDE Article 1.- Sont cr\u00e9\u00e9es les antennes de l\u2019Association pour la promotion [&hellip;]<\/p>\n","protected":false},"author":1,"featured_media":298,"comment_status":"open","ping_status":"open","sticky":false,"template":"","format":"standard","meta":{"footnotes":""},"categories":[12],"tags":[],"class_list":["post-300","post","type-post","status-publish","format-standard","has-post-thumbnail","hentry","category-nos-activites"],"yoast_head":"<!-- This site is optimized with the Yoast SEO plugin v23.5 - https:\/\/yoast.com\/wordpress\/plugins\/seo\/ -->\n<title>D\u00e9cision N\u00b0 002 du 06 JUIN 2022 ; cr\u00e9ant des antennes de Guma au Tchad et \u00e0 Bafoussam - guma association<\/title>\n<meta name=\"robots\" content=\"index, follow, max-snippet:-1, max-image-preview:large, max-video-preview:-1\" \/>\n<link rel=\"canonical\" href=\"https:\/\/associationguma.org\/index.php\/2024\/09\/22\/decision-n-002-du-06-juin-2022-creant-des-antennes-de-guma-au-tchad-et-a-bafoussam\/\" \/>\n<meta property=\"og:locale\" content=\"fr_FR\" \/>\n<meta property=\"og:type\" content=\"article\" \/>\n<meta property=\"og:title\" content=\"D\u00e9cision N\u00b0 002 du 06 JUIN 2022 ; cr\u00e9ant des antennes de Guma au Tchad et \u00e0 Bafoussam - guma association\" \/>\n<meta property=\"og:description\" content=\"Le Pr\u00e9sident du Bureau Ex\u00e9cutif de Guma (Association pour la Sauvegarde et la Promotion de la Culture Guidar) Vu les statuts de Guma,Vu les r\u00e9solutions de l\u2019AGO du 19 d\u00e9cembre 2021Vu le proc\u00e8s-verbal &nbsp;des \u00e9lections du 19 d\u00e9cembre 2021,Vu la n\u00e9cessit\u00e9 de service DECIDE Article 1.- Sont cr\u00e9\u00e9es les antennes de l\u2019Association pour la promotion [&hellip;]\" \/>\n<meta property=\"og:url\" content=\"https:\/\/associationguma.org\/index.php\/2024\/09\/22\/decision-n-002-du-06-juin-2022-creant-des-antennes-de-guma-au-tchad-et-a-bafoussam\/\" \/>\n<meta property=\"og:site_name\" content=\"guma association\" \/>\n<meta property=\"article:published_time\" content=\"2024-09-22T03:38:05+00:00\" \/>\n<meta property=\"article:modified_time\" content=\"2024-09-22T03:38:06+00:00\" \/>\n<meta property=\"og:image\" content=\"http:\/\/associationguma.org\/wp-content\/uploads\/2024\/09\/jfrfr.jpg\" \/>\n\t<meta property=\"og:image:width\" content=\"1080\" \/>\n\t<meta property=\"og:image:height\" content=\"885\" \/>\n\t<meta property=\"og:image:type\" content=\"image\/jpeg\" \/>\n<meta name=\"author\" content=\"Association Guma\" \/>\n<meta name=\"twitter:card\" content=\"summary_large_image\" \/>\n<meta name=\"twitter:label1\" content=\"\u00c9crit par\" \/>\n\t<meta name=\"twitter:data1\" content=\"Association Guma\" \/>\n\t<meta name=\"twitter:label2\" content=\"Dur\u00e9e de lecture estim\u00e9e\" \/>\n\t<meta name=\"twitter:data2\" content=\"1 minute\" \/>\n<script type=\"application\/ld+json\" class=\"yoast-schema-graph\">{\"@context\":\"https:\/\/schema.org\",\"@graph\":[{\"@type\":\"Article\",\"@id\":\"https:\/\/associationguma.org\/index.php\/2024\/09\/22\/decision-n-002-du-06-juin-2022-creant-des-antennes-de-guma-au-tchad-et-a-bafoussam\/#article\",\"isPartOf\":{\"@id\":\"https:\/\/associationguma.org\/index.php\/2024\/09\/22\/decision-n-002-du-06-juin-2022-creant-des-antennes-de-guma-au-tchad-et-a-bafoussam\/\"},\"author\":{\"name\":\"Association Guma\",\"@id\":\"https:\/\/associationguma.org\/#\/schema\/person\/350c1aebc170c877171548c11e63b49d\"},\"headline\":\"D\u00e9cision N\u00b0 002 du 06 JUIN 2022 ; cr\u00e9ant des antennes de Guma au Tchad et \u00e0 Bafoussam\",\"datePublished\":\"2024-09-22T03:38:05+00:00\",\"dateModified\":\"2024-09-22T03:38:06+00:00\",\"mainEntityOfPage\":{\"@id\":\"https:\/\/associationguma.org\/index.php\/2024\/09\/22\/decision-n-002-du-06-juin-2022-creant-des-antennes-de-guma-au-tchad-et-a-bafoussam\/\"},\"wordCount\":180,\"commentCount\":0,\"publisher\":{\"@id\":\"https:\/\/associationguma.org\/#organization\"},\"image\":{\"@id\":\"https:\/\/associationguma.org\/index.php\/2024\/09\/22\/decision-n-002-du-06-juin-2022-creant-des-antennes-de-guma-au-tchad-et-a-bafoussam\/#primaryimage\"},\"thumbnailUrl\":\"https:\/\/associationguma.org\/wp-content\/uploads\/2024\/09\/jfrfr.jpg\",\"articleSection\":[\"Nos Activit\u00e9s\"],\"inLanguage\":\"fr-FR\",\"potentialAction\":[{\"@type\":\"CommentAction\",\"name\":\"Comment\",\"target\":[\"https:\/\/associationguma.org\/index.php\/2024\/09\/22\/decision-n-002-du-06-juin-2022-creant-des-antennes-de-guma-au-tchad-et-a-bafoussam\/#respond\"]}]},{\"@type\":\"WebPage\",\"@id\":\"https:\/\/associationguma.org\/index.php\/2024\/09\/22\/decision-n-002-du-06-juin-2022-creant-des-antennes-de-guma-au-tchad-et-a-bafoussam\/\",\"url\":\"https:\/\/associationguma.org\/index.php\/2024\/09\/22\/decision-n-002-du-06-juin-2022-creant-des-antennes-de-guma-au-tchad-et-a-bafoussam\/\",\"name\":\"D\u00e9cision N\u00b0 002 du 06 JUIN 2022 ; cr\u00e9ant des antennes de Guma au Tchad et \u00e0 Bafoussam - guma association\",\"isPartOf\":{\"@id\":\"https:\/\/associationguma.org\/#website\"},\"primaryImageOfPage\":{\"@id\":\"https:\/\/associationguma.org\/index.php\/2024\/09\/22\/decision-n-002-du-06-juin-2022-creant-des-antennes-de-guma-au-tchad-et-a-bafoussam\/#primaryimage\"},\"image\":{\"@id\":\"https:\/\/associationguma.org\/index.php\/2024\/09\/22\/decision-n-002-du-06-juin-2022-creant-des-antennes-de-guma-au-tchad-et-a-bafoussam\/#primaryimage\"},\"thumbnailUrl\":\"https:\/\/associationguma.org\/wp-content\/uploads\/2024\/09\/jfrfr.jpg\",\"datePublished\":\"2024-09-22T03:38:05+00:00\",\"dateModified\":\"2024-09-22T03:38:06+00:00\",\"breadcrumb\":{\"@id\":\"https:\/\/associationguma.org\/index.php\/2024\/09\/22\/decision-n-002-du-06-juin-2022-creant-des-antennes-de-guma-au-tchad-et-a-bafoussam\/#breadcrumb\"},\"inLanguage\":\"fr-FR\",\"potentialAction\":[{\"@type\":\"ReadAction\",\"target\":[\"https:\/\/associationguma.org\/index.php\/2024\/09\/22\/decision-n-002-du-06-juin-2022-creant-des-antennes-de-guma-au-tchad-et-a-bafoussam\/\"]}]},{\"@type\":\"ImageObject\",\"inLanguage\":\"fr-FR\",\"@id\":\"https:\/\/associationguma.org\/index.php\/2024\/09\/22\/decision-n-002-du-06-juin-2022-creant-des-antennes-de-guma-au-tchad-et-a-bafoussam\/#primaryimage\",\"url\":\"https:\/\/associationguma.org\/wp-content\/uploads\/2024\/09\/jfrfr.jpg\",\"contentUrl\":\"https:\/\/associationguma.org\/wp-content\/uploads\/2024\/09\/jfrfr.jpg\",\"width\":1080,\"height\":885},{\"@type\":\"BreadcrumbList\",\"@id\":\"https:\/\/associationguma.org\/index.php\/2024\/09\/22\/decision-n-002-du-06-juin-2022-creant-des-antennes-de-guma-au-tchad-et-a-bafoussam\/#breadcrumb\",\"itemListElement\":[{\"@type\":\"ListItem\",\"position\":1,\"name\":\"Accueil\",\"item\":\"https:\/\/associationguma.org\/\"},{\"@type\":\"ListItem\",\"position\":2,\"name\":\"D\u00e9cision N\u00b0 002 du 06 JUIN 2022 ; cr\u00e9ant des antennes de Guma au Tchad et \u00e0 Bafoussam\"}]},{\"@type\":\"WebSite\",\"@id\":\"https:\/\/associationguma.org\/#website\",\"url\":\"https:\/\/associationguma.org\/\",\"name\":\"guma association\",\"description\":\"Au coeur de la culture Guidar\",\"publisher\":{\"@id\":\"https:\/\/associationguma.org\/#organization\"},\"potentialAction\":[{\"@type\":\"SearchAction\",\"target\":{\"@type\":\"EntryPoint\",\"urlTemplate\":\"https:\/\/associationguma.org\/?s={search_term_string}\"},\"query-input\":{\"@type\":\"PropertyValueSpecification\",\"valueRequired\":true,\"valueName\":\"search_term_string\"}}],\"inLanguage\":\"fr-FR\"},{\"@type\":\"Organization\",\"@id\":\"https:\/\/associationguma.org\/#organization\",\"name\":\"guma association\",\"url\":\"https:\/\/associationguma.org\/\",\"logo\":{\"@type\":\"ImageObject\",\"inLanguage\":\"fr-FR\",\"@id\":\"https:\/\/associationguma.org\/#\/schema\/logo\/image\/\",\"url\":\"https:\/\/associationguma.org\/wp-content\/uploads\/2024\/08\/cropped-cropped-326351127_857163832180670_1878631706776092159_n.png\",\"contentUrl\":\"https:\/\/associationguma.org\/wp-content\/uploads\/2024\/08\/cropped-cropped-326351127_857163832180670_1878631706776092159_n.png\",\"width\":480,\"height\":480,\"caption\":\"guma association\"},\"image\":{\"@id\":\"https:\/\/associationguma.org\/#\/schema\/logo\/image\/\"}},{\"@type\":\"Person\",\"@id\":\"https:\/\/associationguma.org\/#\/schema\/person\/350c1aebc170c877171548c11e63b49d\",\"name\":\"Association Guma\",\"image\":{\"@type\":\"ImageObject\",\"inLanguage\":\"fr-FR\",\"@id\":\"https:\/\/associationguma.org\/#\/schema\/person\/image\/\",\"url\":\"https:\/\/secure.gravatar.com\/avatar\/1d8d2f2806f68f67d54c8b5483f974cb4507a2d15efa290b1c53d08a81e9e440?s=96&d=mm&r=g\",\"contentUrl\":\"https:\/\/secure.gravatar.com\/avatar\/1d8d2f2806f68f67d54c8b5483f974cb4507a2d15efa290b1c53d08a81e9e440?s=96&d=mm&r=g\",\"caption\":\"Association Guma\"},\"sameAs\":[\"http:\/\/associationguma.org\"],\"url\":\"https:\/\/associationguma.org\/index.php\/author\/admin3893\/\"}]}<\/script>\n<!-- \/ Yoast SEO plugin. -->","yoast_head_json":{"title":"D\u00e9cision N\u00b0 002 du 06 JUIN 2022 ; cr\u00e9ant des antennes de Guma au Tchad et \u00e0 Bafoussam - guma association","robots":{"index":"index","follow":"follow","max-snippet":"max-snippet:-1","max-image-preview":"max-image-preview:large","max-video-preview":"max-video-preview:-1"},"canonical":"https:\/\/associationguma.org\/index.php\/2024\/09\/22\/decision-n-002-du-06-juin-2022-creant-des-antennes-de-guma-au-tchad-et-a-bafoussam\/","og_locale":"fr_FR","og_type":"article","og_title":"D\u00e9cision N\u00b0 002 du 06 JUIN 2022 ; cr\u00e9ant des antennes de Guma au Tchad et \u00e0 Bafoussam - guma association","og_description":"Le Pr\u00e9sident du Bureau Ex\u00e9cutif de Guma (Association pour la Sauvegarde et la Promotion de la Culture Guidar) Vu les statuts de Guma,Vu les r\u00e9solutions de l\u2019AGO du 19 d\u00e9cembre 2021Vu le proc\u00e8s-verbal &nbsp;des \u00e9lections du 19 d\u00e9cembre 2021,Vu la n\u00e9cessit\u00e9 de service DECIDE Article 1.- Sont cr\u00e9\u00e9es les antennes de l\u2019Association pour la promotion [&hellip;]","og_url":"https:\/\/associationguma.org\/index.php\/2024\/09\/22\/decision-n-002-du-06-juin-2022-creant-des-antennes-de-guma-au-tchad-et-a-bafoussam\/","og_site_name":"guma association","article_published_time":"2024-09-22T03:38:05+00:00","article_modified_time":"2024-09-22T03:38:06+00:00","og_image":[{"width":1080,"height":885,"url":"http:\/\/associationguma.org\/wp-content\/uploads\/2024\/09\/jfrfr.jpg","type":"image\/jpeg"}],"author":"Association Guma","twitter_card":"summary_large_image","twitter_misc":{"\u00c9crit par":"Association Guma","Dur\u00e9e de lecture estim\u00e9e":"1 minute"},"schema":{"@context":"https:\/\/schema.org","@graph":[{"@type":"Article","@id":"https:\/\/associationguma.org\/index.php\/2024\/09\/22\/decision-n-002-du-06-juin-2022-creant-des-antennes-de-guma-au-tchad-et-a-bafoussam\/#article","isPartOf":{"@id":"https:\/\/associationguma.org\/index.php\/2024\/09\/22\/decision-n-002-du-06-juin-2022-creant-des-antennes-de-guma-au-tchad-et-a-bafoussam\/"},"author":{"name":"Association Guma","@id":"https:\/\/associationguma.org\/#\/schema\/person\/350c1aebc170c877171548c11e63b49d"},"headline":"D\u00e9cision N\u00b0 002 du 06 JUIN 2022 ; cr\u00e9ant des antennes de Guma au Tchad et \u00e0 Bafoussam","datePublished":"2024-09-22T03:38:05+00:00","dateModified":"2024-09-22T03:38:06+00:00","mainEntityOfPage":{"@id":"https:\/\/associationguma.org\/index.php\/2024\/09\/22\/decision-n-002-du-06-juin-2022-creant-des-antennes-de-guma-au-tchad-et-a-bafoussam\/"},"wordCount":180,"commentCount":0,"publisher":{"@id":"https:\/\/associationguma.org\/#organization"},"image":{"@id":"https:\/\/associationguma.org\/index.php\/2024\/09\/22\/decision-n-002-du-06-juin-2022-creant-des-antennes-de-guma-au-tchad-et-a-bafoussam\/#primaryimage"},"thumbnailUrl":"https:\/\/associationguma.org\/wp-content\/uploads\/2024\/09\/jfrfr.jpg","articleSection":["Nos Activit\u00e9s"],"inLanguage":"fr-FR","potentialAction":[{"@type":"CommentAction","name":"Comment","target":["https:\/\/associationguma.org\/index.php\/2024\/09\/22\/decision-n-002-du-06-juin-2022-creant-des-antennes-de-guma-au-tchad-et-a-bafoussam\/#respond"]}]},{"@type":"WebPage","@id":"https:\/\/associationguma.org\/index.php\/2024\/09\/22\/decision-n-002-du-06-juin-2022-creant-des-antennes-de-guma-au-tchad-et-a-bafoussam\/","url":"https:\/\/associationguma.org\/index.php\/2024\/09\/22\/decision-n-002-du-06-juin-2022-creant-des-antennes-de-guma-au-tchad-et-a-bafoussam\/","name":"D\u00e9cision N\u00b0 002 du 06 JUIN 2022 ; cr\u00e9ant des antennes de Guma au Tchad et \u00e0 Bafoussam - guma association","isPartOf":{"@id":"https:\/\/associationguma.org\/#website"},"primaryImageOfPage":{"@id":"https:\/\/associationguma.org\/index.php\/2024\/09\/22\/decision-n-002-du-06-juin-2022-creant-des-antennes-de-guma-au-tchad-et-a-bafoussam\/#primaryimage"},"image":{"@id":"https:\/\/associationguma.org\/index.php\/2024\/09\/22\/decision-n-002-du-06-juin-2022-creant-des-antennes-de-guma-au-tchad-et-a-bafoussam\/#primaryimage"},"thumbnailUrl":"https:\/\/associationguma.org\/wp-content\/uploads\/2024\/09\/jfrfr.jpg","datePublished":"2024-09-22T03:38:05+00:00","dateModified":"2024-09-22T03:38:06+00:00","breadcrumb":{"@id":"https:\/\/associationguma.org\/index.php\/2024\/09\/22\/decision-n-002-du-06-juin-2022-creant-des-antennes-de-guma-au-tchad-et-a-bafoussam\/#breadcrumb"},"inLanguage":"fr-FR","potentialAction":[{"@type":"ReadAction","target":["https:\/\/associationguma.org\/index.php\/2024\/09\/22\/decision-n-002-du-06-juin-2022-creant-des-antennes-de-guma-au-tchad-et-a-bafoussam\/"]}]},{"@type":"ImageObject","inLanguage":"fr-FR","@id":"https:\/\/associationguma.org\/index.php\/2024\/09\/22\/decision-n-002-du-06-juin-2022-creant-des-antennes-de-guma-au-tchad-et-a-bafoussam\/#primaryimage","url":"https:\/\/associationguma.org\/wp-content\/uploads\/2024\/09\/jfrfr.jpg","contentUrl":"https:\/\/associationguma.org\/wp-content\/uploads\/2024\/09\/jfrfr.jpg","width":1080,"height":885},{"@type":"BreadcrumbList","@id":"https:\/\/associationguma.org\/index.php\/2024\/09\/22\/decision-n-002-du-06-juin-2022-creant-des-antennes-de-guma-au-tchad-et-a-bafoussam\/#breadcrumb","itemListElement":[{"@type":"ListItem","position":1,"name":"Accueil","item":"https:\/\/associationguma.org\/"},{"@type":"ListItem","position":2,"name":"D\u00e9cision N\u00b0 002 du 06 JUIN 2022 ; cr\u00e9ant des antennes de Guma au Tchad et \u00e0 Bafoussam"}]},{"@type":"WebSite","@id":"https:\/\/associationguma.org\/#website","url":"https:\/\/associationguma.org\/","name":"guma association","description":"Au coeur de la culture Guidar","publisher":{"@id":"https:\/\/associationguma.org\/#organization"},"potentialAction":[{"@type":"SearchAction","target":{"@type":"EntryPoint","urlTemplate":"https:\/\/associationguma.org\/?s={search_term_string}"},"query-input":{"@type":"PropertyValueSpecification","valueRequired":true,"valueName":"search_term_string"}}],"inLanguage":"fr-FR"},{"@type":"Organization","@id":"https:\/\/associationguma.org\/#organization","name":"guma association","url":"https:\/\/associationguma.org\/","logo":{"@type":"ImageObject","inLanguage":"fr-FR","@id":"https:\/\/associationguma.org\/#\/schema\/logo\/image\/","url":"https:\/\/associationguma.org\/wp-content\/uploads\/2024\/08\/cropped-cropped-326351127_857163832180670_1878631706776092159_n.png","contentUrl":"https:\/\/associationguma.org\/wp-content\/uploads\/2024\/08\/cropped-cropped-326351127_857163832180670_1878631706776092159_n.png","width":480,"height":480,"caption":"guma association"},"image":{"@id":"https:\/\/associationguma.org\/#\/schema\/logo\/image\/"}},{"@type":"Person","@id":"https:\/\/associationguma.org\/#\/schema\/person\/350c1aebc170c877171548c11e63b49d","name":"Association Guma","image":{"@type":"ImageObject","inLanguage":"fr-FR","@id":"https:\/\/associationguma.org\/#\/schema\/person\/image\/","url":"https:\/\/secure.gravatar.com\/avatar\/1d8d2f2806f68f67d54c8b5483f974cb4507a2d15efa290b1c53d08a81e9e440?s=96&d=mm&r=g","contentUrl":"https:\/\/secure.gravatar.com\/avatar\/1d8d2f2806f68f67d54c8b5483f974cb4507a2d15efa290b1c53d08a81e9e440?s=96&d=mm&r=g","caption":"Association Guma"},"sameAs":["http:\/\/associationguma.org"],"url":"https:\/\/associationguma.org\/index.php\/author\/admin3893\/"}]}},"_links":{"self":[{"href":"https:\/\/associationguma.org\/index.php\/wp-json\/wp\/v2\/posts\/300","targetHints":{"allow":["GET"]}}],"collection":[{"href":"https:\/\/associationguma.org\/index.php\/wp-json\/wp\/v2\/posts"}],"about":[{"href":"https:\/\/associationguma.org\/index.php\/wp-json\/wp\/v2\/types\/post"}],"author":[{"embeddable":true,"href":"https:\/\/associationguma.org\/index.php\/wp-json\/wp\/v2\/users\/1"}],"replies":[{"embeddable":true,"href":"https:\/\/associationguma.org\/index.php\/wp-json\/wp\/v2\/comments?post=300"}],"version-history":[{"count":1,"href":"https:\/\/associationguma.org\/index.php\/wp-json\/wp\/v2\/posts\/300\/revisions"}],"predecessor-version":[{"id":301,"href":"https:\/\/associationguma.org\/index.php\/wp-json\/wp\/v2\/posts\/300\/revisions\/301"}],"wp:featuredmedia":[{"embeddable":true,"href":"https:\/\/associationguma.org\/index.php\/wp-json\/wp\/v2\/media\/298"}],"wp:attachment":[{"href":"https:\/\/associationguma.org\/index.php\/wp-json\/wp\/v2\/media?parent=300"}],"wp:term":[{"taxonomy":"category","embeddable":true,"href":"https:\/\/associationguma.org\/index.php\/wp-json\/wp\/v2\/categories?post=300"},{"taxonomy":"post_tag","embeddable":true,"href":"https:\/\/associationguma.org\/index.php\/wp-json\/wp\/v2\/tags?post=300"}],"curies":[{"name":"wp","href":"https:\/\/api.w.org\/{rel}","templated":true}]}}