{"id":289,"date":"2024-09-22T04:23:42","date_gmt":"2024-09-22T03:23:42","guid":{"rendered":"https:\/\/associationguma.org\/?p=289"},"modified":"2024-09-22T04:27:10","modified_gmt":"2024-09-22T03:27:10","slug":"chapitre-8-les-clans-chez-les-guidar","status":"publish","type":"post","link":"https:\/\/associationguma.org\/index.php\/2024\/09\/22\/chapitre-8-les-clans-chez-les-guidar\/","title":{"rendered":"CHAPITRE 8. LES CLANS CHEZ LES GUIDAR"},"content":{"rendered":"\n<p class=\"has-text-align-center\"><strong>Albert Douffissa<\/strong><strong><\/strong><\/p>\n\n\n\n<p>Dans le Groupe Whatsapp Patrimoine Guidar<a href=\"#_ftn1\" id=\"_ftnref1\">[1]<\/a>, notre fr\u00e8re Bouba Daniel a pos\u00e9 la question suivante&nbsp;: \u00ab&nbsp;<em>S\u2019il vous pla\u00eet, mes fr\u00e8res, a-t-on le nombre exact des clans de l\u2019ethnie guidar&nbsp;? Sinon, lan\u00e7ons l\u2019inventaire<\/em>.&nbsp;\u00bb<\/p>\n\n\n\n<p>Il s\u2019agit l\u00e0 d\u2019une question l\u00e9gitime. En effet, chez les Guidar, le clan, <em>\u0259lfa, <\/em>est le cercle familial par excellence. C\u2019est \u00e0 l\u2019int\u00e9rieur des clans que se d\u00e9veloppent les liens de solidarit\u00e9 les plus importants, qui se manifesteront \u00e0 des occasions comme les mariages, la f\u00eate des jumeaux, les fun\u00e9railles et la guerre. On est vraiment \u00ab&nbsp;fr\u00e8res et\/ou s\u0153urs&nbsp;\u00bb \u00e0 l\u2019int\u00e9rieur du clan. Le clan se distingue par ses devises (<em>\u0259lva) <\/em>et les interdits (z<em>\u0259ga na umuo). <\/em>A l\u2019int\u00e9rieur des clans, en principe les mariages sont interdits, et, <em>a fortiori,<\/em> il est absolument prohib\u00e9 \u00e0 un homme d\u2019enlever une femme appartenant \u00e0 un fr\u00e8re de clan. Cependant, dans les clans larges comme les Melketen et les M\u0259gdara, les mariages sont possibles entre les sous-clans. Certains clans assument les responsabilit\u00e9s de chef de terre (<em>M\u0259sd\u0259lva<\/em>)&nbsp;; ce sont les clans fondateurs du village. A d\u2019autres incombe le choix du chef du village&nbsp;; d\u2019autres encore assument des fonctions sociales importantes comme faiseurs de pluie, forgerons ou pr\u00eatres.<\/p>\n\n\n\n<ol class=\"wp-block-list\">\n<li><strong>Les diff\u00e9rents clans des Guidar.<\/strong><\/li>\n<\/ol>\n\n\n\n<p>A la question pos\u00e9e par notre fr\u00e8re, l\u2019ethnologue Chantal Collard a apport\u00e9 une r\u00e9ponse dans sa th\u00e8se sur \u00ab&nbsp;L\u2019organisation social des Guidar ou Baynawa&nbsp;\u00bb soutenue en 1977 \u00e0 l\u2019Universit\u00e9 de Paris X<a href=\"#_ftn2\" id=\"_ftnref2\">[2]<\/a>. Au chapitre 4, \u00ab&nbsp;Origine et migrations des lignages&nbsp;\u00bb, elle rapporte qu\u2019il y a, dans l\u2019ethnie guidar,<em> \u00ab&nbsp;76 lignages (sous-clans) recens\u00e9s (qui) se regroupent en g\u00e9n\u00e9ral sous une \u00e9tiquette plus vaste&nbsp;: Moukdara, Mambaya, Monsokoyo, Mbana ou Guiziga<\/em>&nbsp;\u00bb.<\/p>\n\n\n\n<p>En gros, les recherches de Collard sont dignes de foi et font d\u2019ailleurs autorit\u00e9 en ce qui concerne notre ethnie. Cependant, il nous revient,&nbsp;\u0257i\u01b4 na Ka\u0257a, d\u2019approfondir ces recherches, en y apportant des compl\u00e9ments d\u2019informations ou des rectificatifs. Par exemple, lorsque Chantal Collard dit, \u00e0 propos des M\u0259gdara, que \u00ab&nbsp;<em>leur interdit alimentaire est mouvo\u2019o (l\u2019hy\u00e8ne)<\/em>&nbsp;\u00bb, il me semble qu\u2019elle se trompe. L\u2019animal interdit dans l\u2019alimentation des M\u0259gdara est plus pr\u00e9cis\u00e9ment le <em>De\u2019en<\/em> (Gu\u00e9pard, <em>Acinoxy jabatus jubatus<\/em>).<\/p>\n\n\n\n<p>Pour ceux qui sont n\u00e9s et ont grandi dans le pays Ka\u0257a, il me para\u00eet normal qu\u2019ils connaissent mieux qu\u2019une ethnologue venue d\u2019ailleurs pour deux ans, m\u00eame si celle-ci utilise une d\u00e9marche scientifique \u00e9prouv\u00e9e. Nous autres, qui avons \u00e9t\u00e9 berc\u00e9s des louanges du clan, qui avons appris \u00e0 respecter les relations au sein de cette grande famille et avons \u00e9t\u00e9 \u00e9duqu\u00e9s dans le respect des interdits du clan, nous avons le devoir de faire mieux connaitre et transmettre ces grandes valeurs de la culture guidar. Lorsque j\u2019allais chez mes vieux oncles paternels, de notre clan <em>M\u0259da\u0253\u0259ra, <\/em>ou m\u00eame de nos clans fr\u00e8res<em> M\u0259koriyok <\/em>et<em> M\u0259sgab\u0259la, <\/em>ils ne m\u2019appelaient pas par mon nom. Ils se contentaient de dire <em>Tengui<\/em> et j\u2019en \u00e9tais fier. De m\u00eame, ma tante maternelle me flattait ou (se flattait elle-m\u00eame) en m\u2019appelant \u00ab&nbsp;<em>Nat Korvon<\/em>&nbsp;\u00bb, parce que ma m\u00e8re \u00e9tait M\u0259gdara. Enfants, quand <em>Ba\u014bgay wa\u00e3wa\u00e3<\/em> (Ibis hagedash, <em>Bostrychia hagedash<\/em>) passait au-dessus de notre t\u00eate et criait, nous pensions qu\u2019il s\u2019adressait \u00e0 nous parce qu\u2019il est notre fr\u00e8re. En effet, <em>Ba\u014bgay <\/em>est \u00e9galement une autre devise des <em>M\u0259da\u0253\u0259ra, <\/em>des<em> M\u0259koriyok <\/em>et<em> M\u0259sgab\u0259la<\/em>. Et on lui r\u00e9pondait avec des mots de flatterie. Nous devons apprendre et transmettre ces valeurs (et non seulement le nom du clan) aux g\u00e9n\u00e9rations futures.<\/p>\n\n\n\n<p>Notre association, GUMA, a, dans son programme l\u2019\u00e9tude des diff\u00e9rents aspects de notre culture, qu\u2019il s\u2019agisse des rites et c\u00e9r\u00e9monies, de la langue, des noms, de l\u2019organisation sociale, etc. Nous envisageons de financer les \u00e9tudiants et chercheurs qui s\u2019int\u00e9ressent \u00e0 ces sujets. Pour autant que les Guidar se mobilisent au sein de cette association et nous en donnent les moyens. Car, en effet, cette importante question ne peut pas \u00eatre simplement \u00e9puis\u00e9e \u00e0 travers les r\u00e9seaux sociaux, o\u00f9 chacun indiquerait de quel clan il est. La meilleure mani\u00e8re d\u2019\u00e9tudier cet aspect important de la culture guidar, c\u2019est d\u2019encourager nos enfants \u00e0 s\u2019y int\u00e9resser et \u00e0 engager des recherches s\u00e9rieuses. Car, je le redis, il ne s\u2019agit pas seulement de citer les clans. Il est question d\u2019\u00e9tudier les relations multiformes et complexes qui existent \u00e0 l\u2019int\u00e9rieur des clans, entre ces clans et m\u00eame entre certains clans et les ethnies auxquelles ils seraient apparent\u00e9s.<\/p>\n\n\n\n<p>Il faut encore pr\u00e9ciser que les clans, du moins, certains clans, ont donn\u00e9 leurs noms aux villages qu\u2019ils ont cr\u00e9\u00e9s. Ainsi, les <em>M<\/em><em>\u0259d\u0259va<\/em> ont donn\u00e9 leur nom au village D\u0259va, les <em>M\u0259gidiya<\/em> \u00e0 Gidi, les <em>M\u0259\u0257\u0259h\u0259la<\/em>&nbsp;\u00e0 \u0257ahal, les <em>M\u0259karba<\/em> ont cr\u00e9\u00e9 Karba, les <em>M\u0259zlama<\/em> sont les premiers occupants de Zlam, les <em>M\u0259sb\u0259zar<\/em> \u00e0 B\u0259zar et les <em>M\u0259f\u0259la<\/em> \u00e0 Matafal. Comme on le verra dans l\u2019extrait de l\u2019ouvrage \u00ab&nbsp;Le village de Djougui&nbsp;\u00bb ci-dessous, les clans fondateurs des diff\u00e9rents villages qui ont constitu\u00e9 plus tard la f\u00e9d\u00e9ration de Djougui ont donn\u00e9 leurs noms aux plus vieux quartiers.<\/p>\n\n\n\n<p><strong>Les clans de Zigi (Djougui), H\u00e9l\u00e9 et Gu\u00e9r\u00e9m\u00e9<\/strong><\/p>\n\n\n\n<p>Pour les clans de Zigi (Djougui), nous pouvons nous appuyer sur un extrait de la plaquette que le Comit\u00e9 de d\u00e9veloppement de ce village a publi\u00e9 \u00e0 l\u2019occasion de son 20<sup>e<\/sup> anniversaire, en 2009.<a href=\"#_ftn3\" id=\"_ftnref3\">[3]<\/a><\/p>\n\n\n\n<p>\u00ab&nbsp;<em>Les habitants de Djougui appartiennent tous \u00e0 des <strong>clans<\/strong>. Les principaux clans de Djougui sont constitu\u00e9s, certains de populations habitant un seul quartier et, d\u2019autres, de populations \u00e9parpill\u00e9es sur plusieurs quartiers et villages. Dans le premier groupe, on rencontre les <\/em>M\u0259sgab\u0259la(\u0257i)<em>, qui habitent pratiquement tous le quartier Gab\u0259la, les <\/em>M\u0259smasa<em>&nbsp; dans le quartier D\u0259gar, les <\/em>M\u0259da\u0253\u0259ra(\u0257i)<em>&nbsp; install\u00e9s uniquement dans le quartier Da\u0253\u0259r, les <\/em>M\u0259koriyok(\u0257e)<em>, peuplant le quartier Koriyok, et les <\/em>M\u0259bb\u0259rza\u0257iya(\u0257i)<em> qu\u2019on rencontre dans le quartier Boh. Les clans <\/em>M\u0259da\u0253\u0259ra<em>,&nbsp; <\/em>M\u0259koriyok<em> et <\/em>M\u0259sgab\u0259la<em>&nbsp; sont des clans apparent\u00e9s (ils ont le qualificatif principal <\/em>Tengui<em> en commun), et assument, chacun dans son quartier, la fonction de chef de terre (<\/em>M\u0259sd\u0259lva<em>). Il en est de m\u00eame des <\/em>M\u0259smasa<em> et des <\/em>M\u0259bb\u0259rza\u0257iya(\u0257i)<em> auxquels incombent cette responsabilit\u00e9, dans leurs quartiers respectifs. En ce qui concerne les groupes cosmopolites, on citera d\u2019abord deux des clans&nbsp; les plus peupl\u00e9s, \u00e0 savoir les <\/em>Melketen(\u0257e)<em> et les <\/em>M\u0259gdara(\u0257i)<em>. Les <\/em>Melketen(\u0257e)<em> sont divis\u00e9s en deux branches&nbsp;: <\/em>Melketen na arbaba<em> et <\/em>Melketen na m\u0259nzla<em>. Les premiers ont des responsabilit\u00e9s sur le plan religieux&nbsp;: ils sont chefs de terre (<\/em>M\u0259sd\u0259lva<em>) dans les quartiers Daway, Mosomo et Bodvor. Ils ex\u00e9cutent les rites pr\u00e9c\u00e9dant les f\u00eates du village sur le Mont Voru et soignent une maladie infantile appel\u00e9e <\/em>arbaba<em>. Les&nbsp; <\/em>Melketen na m\u0259nzla <em>sont, comme leur nom l\u2019indique, les forgerons. Les <\/em>Melketen<em> habitent presque tous les quartiers, ainsi que H\u00e9l\u00e9 et Gu\u00e9r\u00e9m\u00e9.&nbsp; Les <\/em>M\u0259gdara(\u0257i)<em>, quant \u00e0 eux, se subdivisent en plusieurs sous-clans, notamment <\/em>M\u0259gdara na Milnya<em>, <\/em>M\u0259gdara na Park\u0259n<em>,&nbsp; <\/em>M\u0259gdara na Guzlungur<em>, les <\/em>Mitirg\u0259lom<em>, les <\/em>M\u0259stagar\u0257e<em>, les&nbsp; <\/em>Mberewendi<em>. C. Collard a recens\u00e9 jusqu\u2019\u00e0 14 lignages appartenant au clan <\/em>M\u0259gdara<em> (C. Collard. Organisation sociale des Guidar, \u2026 p. 103). Par ailleurs, outre leur implantation \u00e0 Djougui et ses d\u00e9pendances, cet auteur note que les <\/em>M\u0259gdara<em> sont dispers\u00e9s dans le pays guidar \u00e0 Lib\u00e9, Guider, Biou, Nioua. Les <\/em>M\u0259gdara na Milnya<em> sont les d\u00e9tenteurs de la chefferie \u00e0 Djougui. En principe, pour \u00eatre candidat \u00e0 la chefferie, il faut \u00eatre descendant de ce sous-clan. Ils sont \u00e9galement d\u00e9tenteurs du pouvoir de faire pleuvoir et d\u2019imposer la s\u00e9cheresse. Un autre clan, celui des <\/em>M\u0259d\u0259rma<em>, dont les membres se retrouvent en familles isol\u00e9es dans les quartiers Boh, Da\u0253\u0259r et G\u0259d\u0259f G\u0259la, est le clan <\/em>M\u0259sd\u0259lva<em> de ce dernier quartier. Quelques clans sont repr\u00e9sent\u00e9s par une ou deux familles chacune, \u00e9tant venus des villages voisins dans un pass\u00e9 plus r\u00e9cent. C\u2019est le cas des <\/em>M\u0259ksuko<em> et des <\/em>M\u0259sgbegbere<em> (qui ne sont que des lignages <\/em>M\u0259gdara<em>, selon Collard), des <\/em>M\u0259k\u0259ra\u0257i<em>.<\/em><\/p>\n\n\n\n<p><em>Collard r\u00e9partit l\u2019ensemble des clans <\/em>ka\u0257a<em> au sein de cinq entit\u00e9s. Les <\/em>M\u0259gdara<em> repr\u00e9sentent un groupe, \u00e0 eux seuls&nbsp;; les <\/em>Melketin<em> et les <\/em>M\u0259d\u0259rma<em> repr\u00e9sentent le groupe <\/em>Monsokoyo<em> (<\/em>Momsokoyo<em>, selon la prononciation de Djougui, c\u2019est-\u00e0-dire apparent\u00e9s aux Daba)&nbsp;; le groupe <\/em>Mbana<em> (en r\u00e9f\u00e9rence aux Moundang<a href=\"#_ftn4\" id=\"_ftnref4\"><strong>[4]<\/strong><\/a> ou \u00e0 l\u2019orientation est) est repr\u00e9sent\u00e9 \u00e0 Djougui par les clans <\/em>M\u0259da\u0253\u0259ra<em>,&nbsp; <\/em>M\u0259koriyok<em>, <\/em>M\u0259sgab\u0259la<em>&nbsp; et les <\/em>M\u0259bb\u0259rza\u0257iya<em>, tous clans de chefs de terre&nbsp;; le groupe des guiziga est repr\u00e9sent\u00e9 par les <\/em>M\u0259smasa<em> tandis que, le cinqui\u00e8me groupe, les <\/em>M\u0259sb\u0259zar(Mambaya)<em>, vaste clan qui compte plus de vingt lignages et occupe tous les territoires de Bidzar, Kongkong, Lam et leurs d\u00e9pendances, n\u2019est pas repr\u00e9sent\u00e9 \u00e0 Djougui, sinon que par une ou deux familles immigr\u00e9es de <\/em>M\u0259sbasaya<em>.<\/em>&nbsp;\u00bb<\/p>\n\n\n\n<p>En r\u00e9sum\u00e9 donc, les clans de Zigi sont&nbsp;:<\/p>\n\n\n\n<ul class=\"wp-block-list\">\n<li>M\u0259koriyok(\u0257e), comme fondateurs du quartier Koriok de Zigi Boh, o\u00f9 on les rencontre presqu\u2019exclusivement. Un M\u0259koriyok qui habitait \u00e0 Da\u0253\u0259r, dirig\u00e9 par un clan fr\u00e8re, organisait la chasse dite <em>upuro<\/em> (<em>upuro na<\/em> <em>Parma<\/em>)\u00a0;<\/li>\n\n\n\n<li>M\u0259da\u0253\u0259ra(\u0257i), fondateurs et M\u0259sd\u0259lva du quartier Da\u0253\u0259r de Zigi Boh\u00a0; dispers\u00e9s suite \u00e0 une fuite pour cause de vendeta, ils ne sont que quelques familles \u00e0 Djougui, les autres vivant \u00e0 Zlam, Karba, Wayeba, et surtout dans plusieurs villages du Tchad\u00a0comme Pozloro; on ne les rencontre pas dans d\u2019autres quartiers de Zigi. Les M\u0259da\u0253\u0259ra sont pr\u00eatres en charge du culte sur le Mont Guzlungur et dans le bosquet de l\u2019il\u00f4t M\u0259t\u0259w\u0259rk\u0259\u014b. C\u2019est le clan qui a introduit la circoncision \u00e0 Zigi, ramenant cette pratique de l\u2019exil en pays munda\u014b. C\u2019est \u00e9galement un membre de ce clan qui organise la battue dans une des zones de chasse de Zigi (<em>hellek na Vondu na Ti\u014bza\u014b<\/em>)\u00a0;<\/li>\n\n\n\n<li>M\u0259sgab\u0259la(\u0257i)<em>,<\/em> fondateurs et M\u0259sd\u0259lva du quartier Gab\u0259la Golom du village Zigi Gab\u0259la; eux aussi habitent presqu\u2019uniquement ce quartier\u00a0; le chef de terre de ce quartier organise la chasse sur une zone attenant \u00e0 son quartier\u00a0(<em>hellek na Vondu na Mazgaw<\/em>);<\/li>\n\n\n\n<li>M\u0259smasa, parmi les premiers habitants de Zigi, se subdivisent en deux sous-clans\u00a0:<ul><li>M\u0259smasa na D\u0259gar, qui habitent le quartier D\u0259gar, dont ils sont M\u0259sd\u0259lva. On retrouve une famille \u00e0 Gabla Golom<\/li><\/ul>\n<ul class=\"wp-block-list\">\n<li>M\u0259smasa na Bu\u0257uku, habitants et M\u0259sd\u0259lva du quartier Bu\u0257uku.<\/li>\n<\/ul>\n<\/li>\n\n\n\n<li>M\u0259bb\u0259rza\u0257iya(\u0257i)<em>,<\/em> habitent le quartier Boh de Zigi Boh, dont ils sont M\u0259sd\u0259lva\u00a0; Vondu na Varvar organisait la chasse sur la zone attenant \u00e0 son quartier\u00a0;<\/li>\n\n\n\n<li>M\u0259gdara(\u0257i)<em>,<\/em>avec leurs diff\u00e9rents sous-clans\u00a0:<ul><li>M\u0259gdara na M\u0259lnya, le clan des chefs de Zigi Boh et Zigi Gab\u0259la. A Boh, ils habitent le quartier Koriok o\u00f9 se trouve la chefferie\u00a0; \u00e0 Gab\u0259la, ils sont \u00e0 G\u0259d\u0259v G\u0259la o\u00f9 habite l\u2019actuel chef, \u00e0 D\u0259gar et Mossomo\u00a0;<\/li><\/ul>\n<ul class=\"wp-block-list\">\n<li>Les sous-clans M\u0259gdara na Park\u0259n<a id=\"_ftnref5\" href=\"#_ftn5\">[5]<\/a><em>, <\/em>M\u0259gdara na Guzlungur<a id=\"_ftnref6\" href=\"#_ftn6\">[6]<\/a><em>, <\/em>Mitirg\u0259lom<em>, <\/em>M\u0259stagar\u0257e<em>, <\/em>Mberewendi, M\u0259gdara na M\u0259t\u0259psa<a id=\"_ftnref7\" href=\"#_ftn7\">[7]<\/a>, M\u0259gdara na Zlibe, M\u0259gdara na Malmas, M\u0259gdara na Lere, M\u0259gdara na Tuya<a id=\"_ftnref8\" href=\"#_ftn8\">[8]<\/a>, les M\u0259sgombor \u2026 habitent diff\u00e9rents quartiers, mais surtout le quartier Da\u0253\u0259r, o\u00f9 ils sont majoritaires et Koriok o\u00f9 ser\u00e9side le chef de Zigi Boh \u00a0;<\/li>\n<\/ul>\n<\/li>\n\n\n\n<li>M\u0259sgbegbere, consid\u00e9r\u00e9s comme sous-clan des M\u0259gdara, habitent le quartier G\u0259d\u0259v G\u0259la dont un des leurs du nom de Ngoyno fut, dans les ann\u00e9es 50-70, le chef de terre\u00a0;<\/li>\n\n\n\n<li>Melketen(\u0257e)na M\u0259\u014bzla, les forgerons; ils habitant plusieurs quartiers dont Da\u0253\u0259r et Daway \u00e0 Zigi Boh, G\u0259d\u0259v G\u0259la, Bodvor\u00a0\u00e0 Zigi Gab\u0259la ainsi que Hele\u00a0;<\/li>\n\n\n\n<li>Melketen(\u0257e)na Arba, pr\u00eatres, responsables du culte sur Kiyit Voru et chefs de terre \u00e0 Daway, Bodvor et Mossomo\u00a0; le chef de terre de Mossomo poss\u00e8de une zone de chasse\u00a0;on les rencontre aussi \u00e0 Gereme dont un des leurs est Lawan et \u00e0 Hele, qu\u2019ils dirigent \u00e9galement\u00a0;<\/li>\n\n\n\n<li>M\u0259d\u0259rma (nge) habitent les quartiers Da\u0253\u0259r et Boh \u00e0 Zigi Boh et G\u0259d\u0259f G\u0259la \u00e0 Zigi Gab\u0259la\u00a0; ils estiment \u00eatre les chefs de terre l\u00e9gitimes de ce dernier quartier et feu Assana l\u2019a dirig\u00e9 jusqu\u00e0 sa mort il y a quelques ann\u00e9es. Un M\u0259d\u0259rma organisait \u00e9galement la chasse (Hellek na Gaziga\u014b)<\/li>\n\n\n\n<li>Il y a encore une famille M\u0259sb\u0259zar, sous-clan B\u0259zar na Go\u0257o\u014bgoy, habitant le quartier Dabour<a id=\"_ftnref9\" href=\"#_ftn9\">[9]<\/a>\u00a0;<\/li>\n\n\n\n<li>De m\u00eame, il y a \u00e0 Dabour, une famille de M\u0259sbazaya<a id=\"_ftnref10\" href=\"#_ftn10\">[10]<\/a>.<\/li>\n<\/ul>\n\n\n\n<p><strong>Les clans de Bataw (Batao)<a href=\"#_ftn11\" id=\"_ftnref11\"><strong>[11]<\/strong><\/a>.<\/strong><\/p>\n\n\n\n<p>Bataw \u00e9tait un champ des habitants de Zigi Boh, avant d\u2019acqu\u00e9rir le statut de village par d\u00e9cision administrative du 19 septembre 1945, le village s\u2019\u00e9tant vite gonfl\u00e9 \u00e0 la suite de la d\u00e9viation de la route Garoua-Maroua pour la passer d\u00e9sormais par Figuil, Bidzar puis Bataw.<\/p>\n\n\n\n<p>C\u2019est pourquoi, les plus nombreux clans habitant Bataw sont ceux issus de Zigi. Mais, tr\u00e8s vite, ce village attira des migrants venus de Lam et ses alentours, Kong-Kong, Boudva et Bidzar. Il n\u2019est donc pas \u00e9tonnant d\u2019y retrouver les clans venant de tous ces villages.<\/p>\n\n\n\n<ul class=\"wp-block-list\">\n<li>M\u0259bb\u0259rza\u0257iya. Le fameux Besse, puissant chef terre et f\u00e9ticheur, \u00e9tait un M\u0259bb\u0259rza\u0257iya, clan originaire de Zigi Boh, l\u2019un des deux quartiers, avec Koriok, d\u2019o\u00f9 partaient les paysans pour faire des champs \u00e0 Bataw.<\/li>\n\n\n\n<li>M\u0259gdara na M\u0259lnya (M\u0259gdara na Meketin). Le chef de Bataw est un prince envoy\u00e9 par le chef de Zigi Boh pour gouverner ce petit hameau.<\/li>\n\n\n\n<li>M\u0259koriok<\/li>\n\n\n\n<li>M\u0259d\u0259rma<\/li>\n\n\n\n<li>Melketin<\/li>\n\n\n\n<li>B\u0259zar na M\u0259lnya<\/li>\n\n\n\n<li>M\u0259parwan<\/li>\n\n\n\n<li>M\u0259sb\u0259dva<\/li>\n\n\n\n<li>M\u0259karba<\/li>\n\n\n\n<li>M\u0259zlama<\/li>\n<\/ul>\n\n\n\n<p><strong>Les clans de Mizuke.<\/strong><\/p>\n\n\n\n<p>Mizuke est un prolongement de Bataw. Par cons\u00e9quent, on y retroue \u00e0 peu pr\u00e8s les m\u00eames clans.<\/p>\n\n\n\n<ul class=\"wp-block-list\">\n<li>M\u0259zlaga, le clan des chefs de terre<\/li>\n\n\n\n<li>M\u0259gdara na M\u0259lnya (M\u0259gdara na Meketin), clan du chef de village<\/li>\n\n\n\n<li>B\u0259zar na M\u0259lnya<\/li>\n\n\n\n<li>Melketin<\/li>\n\n\n\n<li>M\u0259da\u0253\u0259ra<\/li>\n<\/ul>\n\n\n\n<p><strong><br><\/strong><\/p>\n\n\n\n<p><strong>Les clans de Matafal et villages environnants.<\/strong><\/p>\n\n\n\n<p>Du c\u00f4t\u00e9 de Matafal, on compte 22 lawanats peupl\u00e9s de multiples clans guidar. Mais Matafal&nbsp; et Doubas sont les villages autour desquels ces peuplements se sont \u00e9tablis.&nbsp; \u00c0 Matafal, les deux clans originels ou autochtones sont les M\u0259ff\u0259la\u0257i, le clan&nbsp; de la chefferie, les M\u0259sbazla, le clan des chefs de terre (<em>m\u0259sd\u0259lvinge<\/em>) et le clan M\u0259kotoko\u0257e, qui habitent principalement le quartier Meleme.<\/p>\n\n\n\n<p>&nbsp; \u00c0 Doubas il y a les M\u0259talhenge. La zone de Talha couvre les villages Doubas, Kapta Bandja et Boubou.<\/p>\n\n\n\n<p>Dans les autres villages, on rencontre diff\u00e9rents clans guidar, venus des autres r\u00e9gions du pays ka\u0257a.<a href=\"#_ftn12\" id=\"_ftnref12\">[12]<\/a><\/p>\n\n\n\n<p><strong>Les clans de Lam et villages environnants.<\/strong><\/p>\n\n\n\n<p><strong>Lam<\/strong><\/p>\n\n\n\n<ul class=\"wp-block-list\">\n<li>M\u0259zlama, le clan qui a donn\u00e9 son nom au village Zlam. C\u2019est aussi le clan de l\u2019un des deux M\u0259sd\u0259lvenge de ce village.<\/li>\n\n\n\n<li>M\u0259sb\u0259zar avec les sous-clans suivants\u00a0:<ul><li>B\u0259zar na M\u0259lnya, le clan du chef de Zlam<\/li><\/ul><ul><li>B\u0259zar na Tembew, clan du deuxi\u00e8me M\u0259sd\u0259lva de Zlam.<\/li><\/ul><ul><li>B\u0259zar na Tuya<\/li><\/ul><ul><li>B\u0259zar na Gongiom<\/li><\/ul><ul><li>M\u0259parwan<\/li><\/ul>\n<ul class=\"wp-block-list\">\n<li>M\u0259d\u0259g\u0259rgiya, le clan des ma\u00eetres du vent.<\/li>\n<\/ul>\n<\/li>\n\n\n\n<li>M\u0259hoysoko, le clan des forgerons de Zlam<\/li>\n\n\n\n<li>M\u0259karba, migrants venus de Karba<\/li>\n\n\n\n<li>M\u0259da\u0253\u0259ra, migrants venus de Djougui<\/li>\n\n\n\n<li>M\u0259daway, le clan des devins<\/li>\n\n\n\n<li>M\u0259ssua\u014b<a id=\"_ftnref13\" href=\"#_ftn13\">[13]<\/a><\/li>\n<\/ul>\n\n\n\n<p><strong>Nioua<\/strong><\/p>\n\n\n\n<ul class=\"wp-block-list\">\n<li>M\u0259gn\u0259wa, le clan des chefs de terre, ayant donn\u00e9 le nom au village Gn\u0259wa (Nioua)<\/li>\n\n\n\n<li>M\u0259sb\u0259zar avec les sous-clans suivants\u00a0:<ul><li>B\u0259zar na milya, le clan du chef de Gn\u0259wa<\/li><\/ul><ul><li>B\u0259zar na Gn\u0259wa<\/li><\/ul><ul><li>B\u0259zar na Gongiom<\/li><\/ul>\n<ul class=\"wp-block-list\">\n<li>B\u0259zar na Dumgblous<\/li>\n<\/ul>\n<\/li>\n\n\n\n<li>M\u0259ssarak\u0259<\/li>\n\n\n\n<li>M\u0259gdara<\/li>\n\n\n\n<li>M\u0259skedeke<\/li>\n\n\n\n<li>Monzokoyo.<\/li>\n<\/ul>\n\n\n\n<p><strong>H\u0259mbal (Houmbal)<\/strong><\/p>\n\n\n\n<ul class=\"wp-block-list\">\n<li>M\u0259mb\u0259la, le clan des chefs de terre, ayant donn\u00e9 le nom au village H\u0259mbal<\/li>\n\n\n\n<li>M\u0259sb\u0259zar avec les sous-clans suivants\u00a0:<ul><li>B\u0259zar na M\u0259lnya, le clan du chef de H\u0259mbal<\/li><\/ul><ul><li>B\u0259zar na M\u0259karba\u014bk\u0259<\/li><\/ul><ul><li>B\u0259zar na illia<\/li><\/ul>\n<ul class=\"wp-block-list\">\n<li>B\u0259zar na Gongiom<\/li>\n<\/ul>\n<\/li>\n\n\n\n<li>M\u0259zlama<\/li>\n\n\n\n<li>M\u0259talhange<\/li>\n\n\n\n<li>M\u0259d\u0259v\u0257e<\/li>\n\n\n\n<li>Mitirg\u0259lom<\/li>\n\n\n\n<li>Gazge\u0257i<a id=\"_ftnref14\" href=\"#_ftn14\">[14]<\/a>.<\/li>\n<\/ul>\n\n\n\n<p><strong>D\u0259va (Douva)<\/strong><\/p>\n\n\n\n<ul class=\"wp-block-list\">\n<li>M\u0259d\u0259va<a id=\"_ftnref15\" href=\"#_ftn15\">[15]<\/a> avec des sous-clans, le clan ayant donn\u00e9 le nom au village D\u0259va (Douva)<ul><li>M\u0259d\u0259va na Lugum, le clan des chefs de terre de D\u0259va<\/li><\/ul><ul><li>M\u0259d\u0259va na M\u0259lnya, le clan des chefs du village D\u0259va<a id=\"_ftnref16\" href=\"#_ftn16\">[16]<\/a><\/li><\/ul>\n<ul class=\"wp-block-list\">\n<li>M\u0259d\u0259va na Tellem<\/li>\n<\/ul>\n<\/li>\n\n\n\n<li>M\u0259sb\u0259zar avec les sous-clans suivants\u00a0:<ul><li>B\u0259zar na M\u0259tuturg\u0259lom<\/li><\/ul>\n<ul class=\"wp-block-list\">\n<li>B\u0259zar na M\u0259benke<\/li>\n<\/ul>\n<\/li>\n\n\n\n<li>M\u0259daway\u0257e, habitants du quartier Dohon D\u0259va<\/li>\n\n\n\n<li>Morkorko ou M\u0259sua\u014b<\/li>\n\n\n\n<li>M\u0259garmaya<a id=\"_ftnref17\" href=\"#_ftn17\">[17]<\/a><\/li>\n\n\n\n<li>Monzokoyo.<\/li>\n<\/ul>\n\n\n\n<p><strong>Ba\u0257ia<\/strong><\/p>\n\n\n\n<ul class=\"wp-block-list\">\n<li>M\u0259mb\u0259la, le clan des chefs de terre<\/li>\n\n\n\n<li>B\u0259zar na M\u0259lnya, clan du chef du village<\/li>\n\n\n\n<li>M\u0259garmay<\/li>\n\n\n\n<li>M\u0259d\u0259va<\/li>\n\n\n\n<li>M\u0259talhange<\/li>\n\n\n\n<li>M\u0259gidiya.<\/li>\n<\/ul>\n\n\n\n<p><strong>Gidi (Guidi)<\/strong><\/p>\n\n\n\n<ul class=\"wp-block-list\">\n<li>M\u0259gidiya, le clan des chefs de terre, ayant donn\u00e9 le nom au village Gidi<\/li>\n\n\n\n<li>M\u0259d\u0259va na M\u0259lnya, clan du chef du village<\/li>\n\n\n\n<li>Morkorko<\/li>\n\n\n\n<li>Monzokoyo<\/li>\n\n\n\n<li>M\u0259parwa\u014b<\/li>\n\n\n\n<li>Gazga\u0257i.<\/li>\n<\/ul>\n\n\n\n<p><strong>Les clans de Kongo\u014b (Kong Kong) et villages environnants (Kong Kong, Balia, Dahal, Karba et Kossoum)<\/strong><\/p>\n\n\n\n<p><strong>Kongo\u014b (Kong Kong)<\/strong><a href=\"#_ftn18\" id=\"_ftnref18\">[18]<\/a><\/p>\n\n\n\n<ul class=\"wp-block-list\">\n<li>M\u0259bolgodo\u014b, le clan des chefs de terre<\/li>\n\n\n\n<li>M\u0259sb\u0259zar avec les sous-clans suivants\u00a0:<ul><li>B\u0259zar na M\u0259lnya, le clan du chef de Kong-Kong<\/li><\/ul><ul><li>B\u0259zar na Tembew<\/li><\/ul><ul><li>B\u0259zar na Tuya<\/li><\/ul><ul><li>B\u0259zar na Gongiom<\/li><\/ul><ul><li>B\u0259zar na Kortion<\/li><\/ul><ul><li>B\u0259zar na Honhon<\/li><\/ul><ul><li>B\u0259zar na Bag\u0259rma<\/li><\/ul><ul><li>M\u0259parwan<\/li><\/ul>\n<ul class=\"wp-block-list\">\n<li>M\u0259d\u0259g\u0259rgiya<\/li>\n<\/ul>\n<\/li>\n\n\n\n<li>M\u0259daway<\/li>\n\n\n\n<li>M\u0259karba, migrants venus de Karba<\/li>\n\n\n\n<li>M\u0259banksa<\/li>\n\n\n\n<li>M\u0259benke.<\/li>\n<\/ul>\n\n\n\n<p><strong>\u0257<\/strong><strong>ahal (Dahal)<\/strong><\/p>\n\n\n\n<ul class=\"wp-block-list\">\n<li>M\u0259\u0257\u0259h\u0259la, le clan des chefs de terre de\u00a0\u0257ahal<\/li>\n\n\n\n<li>M\u0259sb\u0259zar avec les sous-clans suivants\u00a0:<ul><li>B\u0259zar na M\u0259lnya, le clan du chef de \u0257ahal<\/li><\/ul><ul><li>M\u0259d\u0259g\u0259rgiya<\/li><\/ul>\n<ul class=\"wp-block-list\">\n<li>B\u0259zar na Binglif<\/li>\n<\/ul>\n<\/li>\n\n\n\n<li>M\u0259d\u0259va na Tellem<\/li>\n\n\n\n<li>M\u0259pi\u014btil.<\/li>\n<\/ul>\n\n\n\n<p><strong>Balia<\/strong><\/p>\n\n\n\n<ul class=\"wp-block-list\">\n<li>M\u0259balia, le clan des chefs de terre de\u00a0Balia<\/li>\n\n\n\n<li>M\u0259sb\u0259zar avec les sous-clans suivants\u00a0:<ul><li>B\u0259zar na M\u0259lnya, le clan du chef de \u0257ahal<\/li><\/ul>\n<ul class=\"wp-block-list\">\n<li>B\u0259zar na Ilia<\/li>\n<\/ul>\n<\/li>\n\n\n\n<li>M\u0259leri<\/li>\n\n\n\n<li>M\u0259bolgodo\u014b.<\/li>\n<\/ul>\n\n\n\n<p><strong>K\u0259su\u014b (Koussoum)<\/strong><\/p>\n\n\n\n<ul class=\"wp-block-list\">\n<li>B\u0259zar na Tembew, le clan des chefs de terre de\u00a0K\u0259su\u014b, le clan ancien des chefs de terre ayant disparu<\/li>\n\n\n\n<li>M\u0259sb\u0259zar avec les sous-clans suivants\u00a0:<ul><li>B\u0259zar na M\u0259lnya, le clan du chef de Koussoum<\/li><\/ul><ul><li>B\u0259zar na Binglif<\/li><\/ul>\n<ul class=\"wp-block-list\">\n<li>M\u0259parwan<\/li>\n<\/ul>\n<\/li>\n\n\n\n<li>M\u0259ssereki.<\/li>\n<\/ul>\n\n\n\n<p><strong>Karba<\/strong><\/p>\n\n\n\n<ul class=\"wp-block-list\">\n<li>M\u0259karba, le clan des chefs de terre (M\u0259sd\u0259lva), le clan qui a donn\u00e9 son nom au village Karba<\/li>\n\n\n\n<li>M\u0259sb\u0259zar avec les sous-clans suivants\u00a0:<ul><li>B\u0259zar na Tuya<\/li><\/ul><ul><li>B\u0259zar na Gongiom<\/li><\/ul><ul><li>B\u0259zar na Honhon<\/li><\/ul>\n<ul class=\"wp-block-list\">\n<li>B\u0259zar na Sukoy<\/li>\n<\/ul>\n<\/li>\n\n\n\n<li>M\u0259da\u0253\u0259ra, migrants venus de Djougui<\/li>\n\n\n\n<li>M\u0259d\u0259lsa<\/li>\n\n\n\n<li>Morkorko.<\/li>\n<\/ul>\n\n\n\n<p><strong>B\u0259dva (Boudva)<\/strong><\/p>\n\n\n\n<ul class=\"wp-block-list\">\n<li>M\u0259go\u014b le clan des chefs de terre<\/li>\n\n\n\n<li>M\u0259sb\u0259zar avec diffr\u0308ents sous-clans<ul><li>B\u0259zar na M\u0259lnya<\/li><\/ul><ul><li>B\u0259zar na M\u0259go\u014b<\/li><\/ul><ul><li>B\u0259zar namba Memkpew<\/li><\/ul><ul><li>B\u0259zar na Sukoy<\/li><\/ul>\n<ul class=\"wp-block-list\">\n<li>B\u0259zar na S\u0259lha<\/li>\n<\/ul>\n<\/li>\n\n\n\n<li>M\u0259koriok (prolongement des M\u0259koriok de Zigi voisin)<\/li>\n\n\n\n<li>M\u0259zlaga<\/li>\n<\/ul>\n\n\n\n<p><strong>Les clans de B\u0259zar (Bidzar) et Buuw (Biou)<a href=\"#_ftn19\" id=\"_ftnref19\"><strong>[19]<\/strong><\/a><\/strong><\/p>\n\n\n\n<p><strong>B\u0259zar (Bidzar)<\/strong><\/p>\n\n\n\n<ul class=\"wp-block-list\">\n<li>Mambaya na Defsere, clan des chefs de terre<\/li>\n\n\n\n<li>Mambaya na Trene, clan des chefs des deux Bidzar<\/li>\n\n\n\n<li>Mambaya na Obah, clan des chefs de terre<\/li>\n\n\n\n<li>Mambaya na Kaabi, clan des chefs de terre<\/li>\n\n\n\n<li>M\u0259pkimtil, clan des chefs de terre<\/li>\n\n\n\n<li>M\u0259bazaya, clan des chefs de terre<\/li>\n\n\n\n<li>B\u0259zar na Sukoy<\/li>\n\n\n\n<li>B\u0259zar na Tembew<\/li>\n\n\n\n<li>M\u0259gdara na Park\u0259n<\/li>\n\n\n\n<li>Mittirg\u0259lom<\/li>\n\n\n\n<li>Melteten<\/li>\n\n\n\n<li>M\u0259korsiyom\u0257e<\/li>\n\n\n\n<li>M\u0259sb\u0259va\u0257i<\/li>\n\n\n\n<li>M\u0259hoysoko\u0257e<\/li>\n\n\n\n<li>M\u0259karba\u014b\u0257e<\/li>\n\n\n\n<li>M\u0259d\u0259rma<\/li>\n\n\n\n<li>M\u0259koryok<\/li>\n\n\n\n<li>M\u0259bb\u0259rza\u0257ia<\/li>\n\n\n\n<li>M\u0259sminzil<\/li>\n<\/ul>\n\n\n\n<p><strong>Biou<\/strong><\/p>\n\n\n\n<ul class=\"wp-block-list\">\n<li>M\u0259koriok, clan des chefs de terre<\/li>\n\n\n\n<li>Mambaya na Trene, clan du chef de Biou<\/li>\n\n\n\n<li>M\u0259sgombor<\/li>\n\n\n\n<li>Monzokoyo<\/li>\n\n\n\n<li>M\u0259gdara<\/li>\n\n\n\n<li>M\u0259sgbegbere<\/li>\n\n\n\n<li>M\u0259karba<\/li>\n\n\n\n<li>M\u0259zlama<\/li>\n\n\n\n<li>M\u0259sminzil.<\/li>\n<\/ul>\n\n\n\n<ul class=\"wp-block-list\">\n<li><strong>Les l\u00e9gendes, les devises et les interdits des clans<\/strong><\/li>\n<\/ul>\n\n\n\n<p>Chaque clan a ses l\u00e9gendes, qui ertracent son histoire, ses devises et ses interdits. Un travail approfondi doit \u00eatre men\u00e9 pour les enregistrer et contribuer ainsi \u00e0 la connaissance de l\u2019histoire du peuple guidar.<\/p>\n\n\n\n<p>A titre d\u2019exemple, voici deux l\u00e9gendes qu\u2019on raconte dans le clan M\u0259gdara.<\/p>\n\n\n\n<p>Selon une de ces l\u00e9gendes, racont\u00e9e par mon feu Oncle T\u0259mba na Barka, un M\u0259gdara na Park\u0259n, le premier chef M\u0259gdara, \u00e9tait aveugle. Son fils a\u00een\u00e9, Tizi l\u2019escroquait lors du partage de la viande. Le second, Z\u0259rmba, \u00e9tait, au contraire, tr\u00e8s attentionn\u00e9. Chaquefois que c\u2019\u00e9tait son tour de s\u2019occupait de la cour, les notables \u00e9taient contents. Leur m\u00e8re s\u2019appelait Dawayk\u0259. Elle maltraitait son \u00e9poux. Tizi a incit\u00e9 le cadet, T\u0259mba, \u00e0 frapper leur m\u00e8re. Puis, T\u0259mba a fui pour aller \u00e0 Park\u0259n.<\/p>\n\n\n\n<p>Avant sa mort, le chef avait promis le plus grand cheval \u00e0 son fils a\u00een\u00e9 et le plus petit \u00e0 Z\u0259rmba. Il leur a dit qu\u2019ils devaient concourir et le premier serait intronis\u00e9 chef. Z\u0259rmba, avec son petit cheval, arriva le premier et re\u00e7ut la chefferie en h\u00e9ritage. C\u2019est depuis ce temps que les descendants de Tizi sont devenus les M\u0259stagar, ceux de Z\u0259rmba les M\u0259gdara na M\u0259lnya et les descendants de T\u0259mba constituent le sous-clan des M\u0259gdara na Park\u0259n.<\/p>\n\n\n\n<p>La deuxi\u00e8me l\u00e9gende est rapport\u00e9e par Toumbaya Tiye, un M\u0259gdara Kokote de Biou. Il la tenait de sa grand-m\u00e8re paternelle.<\/p>\n\n\n\n<p>Les M\u0259gdara&nbsp; seraient subdivis\u00e9s en trois sous-clans, les M\u0259ksuko, les M\u0259gdara dit Kokote ou M\u0259gdara na M\u0259lnya et les M\u0259gdara na Bobok. Le premier sous-clan est constitu\u00e9 des descendants de l\u2019a\u00een\u00e9 du fondateur du clan, Tizi&nbsp;; le second est le sous-clan des descendants de Z\u0259rmba, le plus aim\u00e9 des enfants,&nbsp; qui devint h\u00e9ritier de la chefferie, et le troisi\u00e8me sous-clan, descendant de T\u0259mba, le fr\u00e8re d\u00e9nigr\u00e9 \u00e0 cause de sa femme \u00e0 laquelle il \u00e9tait soumis.<\/p>\n\n\n\n<p>La l\u00e9gende raconte que les M\u0259gdara&nbsp; fuyaient la vendetta qui pesait sur eux, suite \u00e0 un meurtre commis par un des leurs. La nuit, dans leur fuite, ils se cachaient dans une mare, appel\u00e9e en guidar, bobok et y dormaient, avant de continuer le lendemain. Les <em>M<\/em><em>\u0259<\/em><em>zla\u014b zla\u014b&nbsp;\u0253a<\/em> (Ne r\u00e9pondons pas), comme ils se le pr\u00e9conisaient, quittaient au petit matin et s&rsquo;avancaient dans leur fuite. L&rsquo;un d\u2019eux, apr\u00e8s avoir re\u00e7u des confidences de sa femme, d\u00e9cida de retourner \u00e0 leur refuge, malgr\u00e9 les risques de mort par vengeance qu&rsquo;il encourait. Ses fr\u00e8res lui demand\u00e8rent les raisons de son volte-face, mais il s&rsquo;abstint de le leur dire. Il laissa les autres et sa femme avancer vers la destination lointaine. Il retourna dans le bobok et retrouva le colis que sa femme y avait oubli\u00e9. Il s&rsquo;agissait de la garniture (<em>b<\/em><em>\u0259<\/em><em>ssa<\/em>) bien tiss\u00e9e pour ses menstrues. Dans la fuite, il lui fallait d&rsquo;autres garnitures parce que jetables et puisqu\u2019elle ne pouvait avoir de temps pour en tisser des nouvelles, elle enjoignit \u00e0 son mari de retourner lui r\u00e9cup\u00e9rer celle qu\u2019elle avait oubli\u00e9e.<\/p>\n\n\n\n<p>Lorsqu\u2019il revint retrouver ses fr\u00e8res, ceux-ci l&rsquo;accabl\u00e8rent de questions pour savoir pourquoi \u00e9tait-il retourn\u00e9 au bobok. Somm\u00e9 de s\u2019expliquer, ce dernier pr\u00e9sente le colis de sa femme qu&rsquo;il est all\u00e9 r\u00e9cup\u00e9rer. Il fut l\u2019objet de railleries de la part de ses fr\u00e8res qui lui coll\u00e8rent le surnom de M\u0259gdara na Bobok.<\/p>\n\n\n\n<p>La devise des M\u0259gdara est Korvon na G\u0259dar\u0259. Korvon est un figuier qui tr\u00f4ne souvent au milieu du village, son nom scientifique est <em>Ficus platyphylla<\/em>. Aujourd\u2019hui encore il y a des &nbsp;grands Korvon dans la cour du chef de Guider.<\/p>\n\n\n\n<p>L\u2019inderdit (<em>z\u0259ga nawmu\u2019o<\/em>) des M\u0259gdara est le gu\u00e9pard (<em>De\u2019en<\/em>).<\/p>\n\n\n\n<p>La l\u00e9gende des M\u0259zokoyo raconte que ce clan est arriv\u00e9 dans les villages actuels de Douva ou Guidi en fuyant une vendeta. Ce peuple vivait \u00e0 M\u0259zokoy (pays Daba). Un jour un voisin \u00e0 un M\u0259zokoyo accusa son enfant d\u2019avoir mang\u00e9 ses boulettes de termites. Le p\u00e8re de l\u2019enfant plaida son innocence, vainement. Pour trancher l\u2019affaire, on d\u00e9cida d\u2019\u00e9ventrer l\u2019enfant. On n\u2019y trouva pas de traces de termites. On d\u00e9cida d\u2019\u00e9ventrer le chien de l\u2019accusateur. Il se trouva que le canin est le coupable. Feignant d\u2019accepter les excuses de l\u2019accusateur, le p\u00e8re de l\u2019enfant faussement accus\u00e9 et \u00e9ventr\u00e9 pr\u00e9para la vengeance. Le lendemain, tous les membres du clan de la victime s\u2019abstinrent d\u2019aller aux champs. Pendant que l\u2019accusateur et les membres de son clan \u00e9taient absents, ceux du clan de M\u0259zokoyo&nbsp; \u00e9gorg\u00e8rent tous leurs enfants et expos\u00e8rent les cadavres sur les hangars, \u00e0 la merci des charognards. Puis, ils quitt\u00e8rent tous le village en marchant \u00e0 reculons, de fa\u00e7on \u00e0 brouiller leurs traces jusqu\u2019\u00e0 la rivi\u00e8re. Apr\u00e8s avoir franchi le cours d\u2019eau, ils se remirent dans le sens de la marche et s\u2019install\u00e8rent dans leurs villages actuels. C\u2019est pourquoi, une de leurs devises est \u00ab&nbsp;<em>d\u0259daw madeder<\/em>&nbsp;\u00bb (qui a march\u00e9 \u00e0 reculons). La devise des M\u0259sb\u0259zar est Dongo&nbsp;; celle des Melketin, Voru&nbsp;; les M\u0259d\u0259v\u0257e ont comme devise Melinge (l\u2019or) et pour interdit, la panth\u00e8re (Balgam). Les M\u0259da\u0253\u0259ra, M\u0259koriok et M\u0259sgab\u0259la ont comme devises \u00ab&nbsp;Tingui, M\u0259kokya na tayna, D\u0259ziy mel a gagia, Ba\u014bgay (Ibis hagedash), D\u0259daw m\u0259lpa m\u0259lpa&nbsp;\u00bb&nbsp;; leur interdit est l<\/p>\n\n\n\n<hr class=\"wp-block-separator has-alpha-channel-opacity\"\/>\n\n\n\n<p><a href=\"#_ftnref1\" id=\"_ftn1\">[1]<\/a> Le 08 ao\u00fbt 2017<\/p>\n\n\n\n<p><a href=\"#_ftnref2\" id=\"_ftn2\">[2]<\/a> Collard, Chantal. Organisation sociale des Guidar ou Baynawa (Cameroun septentrional). Th\u00e8se pr\u00e9sent\u00e9e en vue du grade de docteur en sociologie, \u00e0 l\u2019Ecole pratique des hautes \u00e9tudes, Universit\u00e9 de Paris X, 1977.<\/p>\n\n\n\n<p><a href=\"#_ftnref3\" id=\"_ftn3\">[3]<\/a> Le village de Djougui. 20 ans d\u2019exp\u00e9rience d\u2019un Comit\u00e9 de d\u00e9veloppement, Sous la direction d\u2019Albert Douffissa.<\/p>\n\n\n\n<p><a href=\"#_ftnref4\" id=\"_ftn4\">[4]<\/a> Les clans <em>M<\/em><em>\u0259da<\/em><em>\u0253\u0259ra<\/em>,&nbsp; <em>M<\/em><em>\u0259koriok<\/em> et <em>M<\/em><em>\u0259sgab<\/em><em>\u0259la<\/em>,&nbsp; sont apprent\u00e9s \u00e0 certains clans Moundang et Guiziga. Une association supraclanique regroupant ces lignages Guidar, Moundang et Guiziga existe d\u2019ailleurs et a eu \u00e0 tenir une de ses r\u00e9unions \u00e0 Djougui. Par ailleurs, dans un r\u00e9cit du clan <em>M<\/em><em>\u0259bb<\/em><em>\u0259rza<\/em><em>\u0257iya<\/em> que nous avons rapport\u00e9 dans le livre sur Djougui, il appara\u00eet que le fondateur du clan serait d\u2019origine Moundang.<\/p>\n\n\n\n<p><a href=\"#_ftnref5\" id=\"_ftn5\">[5]<\/a> Les descendants de Barka, \u00e0 Dabour.<\/p>\n\n\n\n<p><a href=\"#_ftnref6\" id=\"_ftn6\">[6]<\/a> Les descendants de Gidi, Mad\u0259 S\u0259\u0257up et de Die, \u00e0 Dabour.<\/p>\n\n\n\n<p><a href=\"#_ftnref7\" id=\"_ftn7\">[7]<\/a> Originaires de Moutoupsa, vers Guidi. Dikwa, fils de Kangu, qui avait \u00e9t\u00e9 chef de Zigi Gabla, en \u00e9tait un.<\/p>\n\n\n\n<p><a href=\"#_ftnref8\" id=\"_ftn8\">[8]<\/a> Les D\u0259vay et D\u0259goh\u0259ni \u00e0 Koriok.<\/p>\n\n\n\n<p><a href=\"#_ftnref9\" id=\"_ftn9\">[9]<\/a> Daway na Awza, dit Goriom na Awza; Awza est venu de Kong Kong et s\u2019\u00e9tait \u00e9tabli dans le quartier G\u0259d\u0259f G\u0259la<\/p>\n\n\n\n<p><a href=\"#_ftnref10\" id=\"_ftn10\">[10]<\/a> La famille D\u0259vay dont les enfants To\u014bgu na D\u0259vay et M\u0259nay habitait \u00e0 Dabour. Un de ses descendants y est toujours.<\/p>\n\n\n\n<p><a href=\"#_ftnref11\" id=\"_ftn11\">[11]<\/a> La description des clans faite ici reprend celle de Chantal Collard dans sa th\u00e8se intitul\u00e9e \u00ab&nbsp;Organisation sociale des Guidar ou Baynawa (Cameroun septentrional), 1977 et a \u00e9t\u00e9 compl\u00e9t\u00e9e par plusieurs informateurs que nous avons contact\u00e9s.<\/p>\n\n\n\n<p><a href=\"#_ftnref12\" id=\"_ftn12\">[12]<\/a> Notre informateur Garga Madi cite comme villages autour de Matafal, les villages suivants&nbsp;: Ouro&nbsp;\u0257ama, Mambaza, Golvon, Malway, Ouro Gabal, Kapta Haoussa, Mazgam, Kapta Madi,&nbsp; Bedeve, Ouro Tu\u00e9, Sarwa, Ngolourde,&nbsp; Badagaire,&nbsp; Babarkine, Lougguere Daway.<\/p>\n\n\n\n<p><a href=\"#_ftnref13\" id=\"_ftn13\">[13]<\/a> Ce clan est originaire de Suwa, un village situ\u00e9 en pays giziga.<\/p>\n\n\n\n<p><a href=\"#_ftnref14\" id=\"_ftn14\">[14]<\/a> Ce sont des Giziga qui ont perdu maintenant l\u2019usage de leur langue au profit du guidar et sont petit \u00e0 petit assimil\u00e9 \u00e0 un clan guidar. On les retrouve dans ces villages voisins du pays giziga.<\/p>\n\n\n\n<p><a href=\"#_ftnref15\" id=\"_ftn15\">[15]<\/a> D\u2019apr\u00e8s notre informateur, Moussa Damba, les M\u0259d\u0259v\u0257e seraient apparent\u00e9s aux Giziga et aux Mofu de Douvangar, d\u2019o\u00f9 serait d\u00e9riv\u00e9 le nom Douva.<\/p>\n\n\n\n<p><a href=\"#_ftnref16\" id=\"_ftn16\">[16]<\/a> D\u2019apr\u00e8s le m\u00eame informateur cit\u00e9 ci-dessus, un des chefs de Douva avait deux fils jumeaux, Alwa et Masay. A la mort de leur p\u00e8re, le village fut divis\u00e9 en deux parties, chacune dirig\u00e9e par l\u2019un des fils. Masay mourut en premier et \u00e0 sa mort, on r\u00e9unifia le village pour le confier \u00e0 Alwa. Celui-ci, avant sa mort, demanda que la chefferie soit confi\u00e9e \u00e0 un des fils de son fr\u00e8re Masay. Masay est arri\u00e8re-grand p\u00e8re de d\u00e9put\u00e9 Douvaouissa et Alwa, arri\u00e8re-grand-p\u00e8re de notre informateur, Moussa Damba<\/p>\n\n\n\n<p><a href=\"#_ftnref17\" id=\"_ftn17\">[17]<\/a> Originaire de Zibou, village Giziga, juste apr\u00e8s le carrefour Magada<\/p>\n\n\n\n<p><a href=\"#_ftnref18\" id=\"_ftn18\">[18]<\/a> Voici une note de l\u2019Administrateur Beaudelaire, chef de Suddivision de Guider, du 8 ao\u00fbt 1944, \u00e0 la suite d\u2019une tourn\u00e9e de 9 jours dans le pays guidar.&nbsp;<\/p>\n\n\n\n<p>\u00ab&nbsp; <em>Le rapport d\u2019octobre 39 esquissait les origines respectives des 14 agglom\u00e9rations guidar de l\u2019EST.<\/em><\/p>\n\n\n\n<p><em>Il ressort que le clan de Kong Kong (Balia, Dahal, Kossoum, Karba) serait originaire du pays mambay (soit Gid\u2019m\u00e9, pr\u00e8s de Kakala, soit Bipar\u00e9).<\/em><\/p>\n\n\n\n<p><em>Il y a divergences parmi les informateurs au sujet de l\u2019origine de Dahal&nbsp;; selon certains, serait issu de Goudour (pr\u00e8s Zamay, mokolo) ainsi que Matafal. Une enqu\u00eate sera ult\u00e9rieurement faite sur ce point.<\/em><\/p>\n\n\n\n<p><em>Le village Kong Kong est actuellement command\u00e9 par le vieux TOUMBA&nbsp; qui, dit-il, aurait \u00e9t\u00e9 nomm\u00e9 par DUHRING (&nbsp;?). Il serait le ciqui\u00e8me chef de clan, ses pr\u00e9decesseurs \u00e9tant&nbsp;: MADI, dit \u00ab&nbsp;Mouli&nbsp;\u00bb Kong Kong, MALAY dit \u00ab&nbsp;Pepereng&nbsp;\u00bb, TIZI dit \u00ab&nbsp;Didam&nbsp;\u00bb et TODOU dit \u00ab&nbsp;Kanawissa&nbsp;\u00bb.<\/em><\/p>\n\n\n\n<p><em>Selon TOUMBA et les anciens du village, le fondateur du clan, pr\u00e8s avoir quitt\u00e9 le pays mambay, serait venu fonder Bidzar. C\u2019est un rameau de la famille qui serait venu s\u2019installer dans les rochers de Kong Kong.<\/em><\/p>\n\n\n\n<p><em>Les satellites de Kong Kong, sauf Karba (c\u2019est-\u00e0-dire Balia, Dahal et Kossoum) n\u2019ont une existence autonome (point de vue administratif) que depuis 1926 ou 1927. Auparavant, ces quatre vilages \u00e9taiet consid\u00e9r\u00e9s comme quartiers de Kong Kong<\/em>.&nbsp;\u00bb<\/p>\n\n\n\n<p><a href=\"#_ftnref19\" id=\"_ftn19\">[19]<\/a> De nombreux clans dans les villages de Bidzar et Biou montrent que ces villages ont constitu\u00e9 des \u00e9tapes de migrations \u00e0 partir des villages situ\u00e9s autour des ontagnes de Lam, Kong Kong, Boudva et Djougui.<\/p>\n","protected":false},"excerpt":{"rendered":"<p>Albert Douffissa Dans le Groupe Whatsapp Patrimoine Guidar[1], notre fr\u00e8re Bouba Daniel a pos\u00e9 la question suivante&nbsp;: \u00ab&nbsp;S\u2019il vous pla\u00eet, mes fr\u00e8res, a-t-on le nombre exact des clans de l\u2019ethnie guidar&nbsp;? Sinon, lan\u00e7ons l\u2019inventaire.&nbsp;\u00bb Il s\u2019agit l\u00e0 d\u2019une question l\u00e9gitime. En effet, chez les Guidar, le clan, \u0259lfa, est le cercle familial par excellence. C\u2019est [&hellip;]<\/p>\n","protected":false},"author":1,"featured_media":292,"comment_status":"open","ping_status":"open","sticky":false,"template":"","format":"standard","meta":{"footnotes":""},"categories":[8],"tags":[],"class_list":["post-289","post","type-post","status-publish","format-standard","has-post-thumbnail","hentry","category-connaissance-de-la-culture-guidar"],"yoast_head":"<!-- This site is optimized with the Yoast SEO plugin v23.5 - https:\/\/yoast.com\/wordpress\/plugins\/seo\/ -->\n<title>CHAPITRE 8. LES CLANS CHEZ LES GUIDAR - guma association<\/title>\n<meta name=\"robots\" content=\"index, follow, max-snippet:-1, max-image-preview:large, max-video-preview:-1\" \/>\n<link rel=\"canonical\" href=\"https:\/\/associationguma.org\/index.php\/2024\/09\/22\/chapitre-8-les-clans-chez-les-guidar\/\" \/>\n<meta property=\"og:locale\" content=\"fr_FR\" \/>\n<meta property=\"og:type\" content=\"article\" \/>\n<meta property=\"og:title\" content=\"CHAPITRE 8. LES CLANS CHEZ LES GUIDAR - guma association\" \/>\n<meta property=\"og:description\" content=\"Albert Douffissa Dans le Groupe Whatsapp Patrimoine Guidar[1], notre fr\u00e8re Bouba Daniel a pos\u00e9 la question suivante&nbsp;: \u00ab&nbsp;S\u2019il vous pla\u00eet, mes fr\u00e8res, a-t-on le nombre exact des clans de l\u2019ethnie guidar&nbsp;? Sinon, lan\u00e7ons l\u2019inventaire.&nbsp;\u00bb Il s\u2019agit l\u00e0 d\u2019une question l\u00e9gitime. En effet, chez les Guidar, le clan, \u0259lfa, est le cercle familial par excellence. C\u2019est [&hellip;]\" \/>\n<meta property=\"og:url\" content=\"https:\/\/associationguma.org\/index.php\/2024\/09\/22\/chapitre-8-les-clans-chez-les-guidar\/\" \/>\n<meta property=\"og:site_name\" content=\"guma association\" \/>\n<meta property=\"article:published_time\" content=\"2024-09-22T03:23:42+00:00\" \/>\n<meta property=\"article:modified_time\" content=\"2024-09-22T03:27:10+00:00\" \/>\n<meta property=\"og:image\" content=\"http:\/\/associationguma.org\/wp-content\/uploads\/2024\/09\/images-1.jpeg\" \/>\n\t<meta property=\"og:image:width\" content=\"271\" \/>\n\t<meta property=\"og:image:height\" content=\"186\" \/>\n\t<meta property=\"og:image:type\" content=\"image\/jpeg\" \/>\n<meta name=\"author\" content=\"Association Guma\" \/>\n<meta name=\"twitter:card\" content=\"summary_large_image\" \/>\n<meta name=\"twitter:label1\" content=\"\u00c9crit par\" \/>\n\t<meta name=\"twitter:data1\" content=\"Association Guma\" \/>\n\t<meta name=\"twitter:label2\" content=\"Dur\u00e9e de lecture estim\u00e9e\" \/>\n\t<meta name=\"twitter:data2\" content=\"23 minutes\" \/>\n<script type=\"application\/ld+json\" class=\"yoast-schema-graph\">{\"@context\":\"https:\/\/schema.org\",\"@graph\":[{\"@type\":\"Article\",\"@id\":\"https:\/\/associationguma.org\/index.php\/2024\/09\/22\/chapitre-8-les-clans-chez-les-guidar\/#article\",\"isPartOf\":{\"@id\":\"https:\/\/associationguma.org\/index.php\/2024\/09\/22\/chapitre-8-les-clans-chez-les-guidar\/\"},\"author\":{\"name\":\"Association Guma\",\"@id\":\"https:\/\/associationguma.org\/#\/schema\/person\/350c1aebc170c877171548c11e63b49d\"},\"headline\":\"CHAPITRE 8. LES CLANS CHEZ LES GUIDAR\",\"datePublished\":\"2024-09-22T03:23:42+00:00\",\"dateModified\":\"2024-09-22T03:27:10+00:00\",\"mainEntityOfPage\":{\"@id\":\"https:\/\/associationguma.org\/index.php\/2024\/09\/22\/chapitre-8-les-clans-chez-les-guidar\/\"},\"wordCount\":5279,\"commentCount\":0,\"publisher\":{\"@id\":\"https:\/\/associationguma.org\/#organization\"},\"image\":{\"@id\":\"https:\/\/associationguma.org\/index.php\/2024\/09\/22\/chapitre-8-les-clans-chez-les-guidar\/#primaryimage\"},\"thumbnailUrl\":\"https:\/\/associationguma.org\/wp-content\/uploads\/2024\/09\/images-1.jpeg\",\"articleSection\":[\"Connaissance de la culture Guidar\"],\"inLanguage\":\"fr-FR\",\"potentialAction\":[{\"@type\":\"CommentAction\",\"name\":\"Comment\",\"target\":[\"https:\/\/associationguma.org\/index.php\/2024\/09\/22\/chapitre-8-les-clans-chez-les-guidar\/#respond\"]}]},{\"@type\":\"WebPage\",\"@id\":\"https:\/\/associationguma.org\/index.php\/2024\/09\/22\/chapitre-8-les-clans-chez-les-guidar\/\",\"url\":\"https:\/\/associationguma.org\/index.php\/2024\/09\/22\/chapitre-8-les-clans-chez-les-guidar\/\",\"name\":\"CHAPITRE 8. LES CLANS CHEZ LES GUIDAR - guma association\",\"isPartOf\":{\"@id\":\"https:\/\/associationguma.org\/#website\"},\"primaryImageOfPage\":{\"@id\":\"https:\/\/associationguma.org\/index.php\/2024\/09\/22\/chapitre-8-les-clans-chez-les-guidar\/#primaryimage\"},\"image\":{\"@id\":\"https:\/\/associationguma.org\/index.php\/2024\/09\/22\/chapitre-8-les-clans-chez-les-guidar\/#primaryimage\"},\"thumbnailUrl\":\"https:\/\/associationguma.org\/wp-content\/uploads\/2024\/09\/images-1.jpeg\",\"datePublished\":\"2024-09-22T03:23:42+00:00\",\"dateModified\":\"2024-09-22T03:27:10+00:00\",\"breadcrumb\":{\"@id\":\"https:\/\/associationguma.org\/index.php\/2024\/09\/22\/chapitre-8-les-clans-chez-les-guidar\/#breadcrumb\"},\"inLanguage\":\"fr-FR\",\"potentialAction\":[{\"@type\":\"ReadAction\",\"target\":[\"https:\/\/associationguma.org\/index.php\/2024\/09\/22\/chapitre-8-les-clans-chez-les-guidar\/\"]}]},{\"@type\":\"ImageObject\",\"inLanguage\":\"fr-FR\",\"@id\":\"https:\/\/associationguma.org\/index.php\/2024\/09\/22\/chapitre-8-les-clans-chez-les-guidar\/#primaryimage\",\"url\":\"https:\/\/associationguma.org\/wp-content\/uploads\/2024\/09\/images-1.jpeg\",\"contentUrl\":\"https:\/\/associationguma.org\/wp-content\/uploads\/2024\/09\/images-1.jpeg\",\"width\":271,\"height\":186},{\"@type\":\"BreadcrumbList\",\"@id\":\"https:\/\/associationguma.org\/index.php\/2024\/09\/22\/chapitre-8-les-clans-chez-les-guidar\/#breadcrumb\",\"itemListElement\":[{\"@type\":\"ListItem\",\"position\":1,\"name\":\"Accueil\",\"item\":\"https:\/\/associationguma.org\/\"},{\"@type\":\"ListItem\",\"position\":2,\"name\":\"CHAPITRE 8. LES CLANS CHEZ LES GUIDAR\"}]},{\"@type\":\"WebSite\",\"@id\":\"https:\/\/associationguma.org\/#website\",\"url\":\"https:\/\/associationguma.org\/\",\"name\":\"guma association\",\"description\":\"Au coeur de la culture Guidar\",\"publisher\":{\"@id\":\"https:\/\/associationguma.org\/#organization\"},\"potentialAction\":[{\"@type\":\"SearchAction\",\"target\":{\"@type\":\"EntryPoint\",\"urlTemplate\":\"https:\/\/associationguma.org\/?s={search_term_string}\"},\"query-input\":{\"@type\":\"PropertyValueSpecification\",\"valueRequired\":true,\"valueName\":\"search_term_string\"}}],\"inLanguage\":\"fr-FR\"},{\"@type\":\"Organization\",\"@id\":\"https:\/\/associationguma.org\/#organization\",\"name\":\"guma association\",\"url\":\"https:\/\/associationguma.org\/\",\"logo\":{\"@type\":\"ImageObject\",\"inLanguage\":\"fr-FR\",\"@id\":\"https:\/\/associationguma.org\/#\/schema\/logo\/image\/\",\"url\":\"https:\/\/associationguma.org\/wp-content\/uploads\/2024\/08\/cropped-cropped-326351127_857163832180670_1878631706776092159_n.png\",\"contentUrl\":\"https:\/\/associationguma.org\/wp-content\/uploads\/2024\/08\/cropped-cropped-326351127_857163832180670_1878631706776092159_n.png\",\"width\":480,\"height\":480,\"caption\":\"guma association\"},\"image\":{\"@id\":\"https:\/\/associationguma.org\/#\/schema\/logo\/image\/\"}},{\"@type\":\"Person\",\"@id\":\"https:\/\/associationguma.org\/#\/schema\/person\/350c1aebc170c877171548c11e63b49d\",\"name\":\"Association Guma\",\"image\":{\"@type\":\"ImageObject\",\"inLanguage\":\"fr-FR\",\"@id\":\"https:\/\/associationguma.org\/#\/schema\/person\/image\/\",\"url\":\"https:\/\/secure.gravatar.com\/avatar\/1d8d2f2806f68f67d54c8b5483f974cb4507a2d15efa290b1c53d08a81e9e440?s=96&d=mm&r=g\",\"contentUrl\":\"https:\/\/secure.gravatar.com\/avatar\/1d8d2f2806f68f67d54c8b5483f974cb4507a2d15efa290b1c53d08a81e9e440?s=96&d=mm&r=g\",\"caption\":\"Association Guma\"},\"sameAs\":[\"http:\/\/associationguma.org\"],\"url\":\"https:\/\/associationguma.org\/index.php\/author\/admin3893\/\"}]}<\/script>\n<!-- \/ Yoast SEO plugin. -->","yoast_head_json":{"title":"CHAPITRE 8. LES CLANS CHEZ LES GUIDAR - guma association","robots":{"index":"index","follow":"follow","max-snippet":"max-snippet:-1","max-image-preview":"max-image-preview:large","max-video-preview":"max-video-preview:-1"},"canonical":"https:\/\/associationguma.org\/index.php\/2024\/09\/22\/chapitre-8-les-clans-chez-les-guidar\/","og_locale":"fr_FR","og_type":"article","og_title":"CHAPITRE 8. LES CLANS CHEZ LES GUIDAR - guma association","og_description":"Albert Douffissa Dans le Groupe Whatsapp Patrimoine Guidar[1], notre fr\u00e8re Bouba Daniel a pos\u00e9 la question suivante&nbsp;: \u00ab&nbsp;S\u2019il vous pla\u00eet, mes fr\u00e8res, a-t-on le nombre exact des clans de l\u2019ethnie guidar&nbsp;? Sinon, lan\u00e7ons l\u2019inventaire.&nbsp;\u00bb Il s\u2019agit l\u00e0 d\u2019une question l\u00e9gitime. En effet, chez les Guidar, le clan, \u0259lfa, est le cercle familial par excellence. C\u2019est [&hellip;]","og_url":"https:\/\/associationguma.org\/index.php\/2024\/09\/22\/chapitre-8-les-clans-chez-les-guidar\/","og_site_name":"guma association","article_published_time":"2024-09-22T03:23:42+00:00","article_modified_time":"2024-09-22T03:27:10+00:00","og_image":[{"width":271,"height":186,"url":"http:\/\/associationguma.org\/wp-content\/uploads\/2024\/09\/images-1.jpeg","type":"image\/jpeg"}],"author":"Association Guma","twitter_card":"summary_large_image","twitter_misc":{"\u00c9crit par":"Association Guma","Dur\u00e9e de lecture estim\u00e9e":"23 minutes"},"schema":{"@context":"https:\/\/schema.org","@graph":[{"@type":"Article","@id":"https:\/\/associationguma.org\/index.php\/2024\/09\/22\/chapitre-8-les-clans-chez-les-guidar\/#article","isPartOf":{"@id":"https:\/\/associationguma.org\/index.php\/2024\/09\/22\/chapitre-8-les-clans-chez-les-guidar\/"},"author":{"name":"Association Guma","@id":"https:\/\/associationguma.org\/#\/schema\/person\/350c1aebc170c877171548c11e63b49d"},"headline":"CHAPITRE 8. LES CLANS CHEZ LES GUIDAR","datePublished":"2024-09-22T03:23:42+00:00","dateModified":"2024-09-22T03:27:10+00:00","mainEntityOfPage":{"@id":"https:\/\/associationguma.org\/index.php\/2024\/09\/22\/chapitre-8-les-clans-chez-les-guidar\/"},"wordCount":5279,"commentCount":0,"publisher":{"@id":"https:\/\/associationguma.org\/#organization"},"image":{"@id":"https:\/\/associationguma.org\/index.php\/2024\/09\/22\/chapitre-8-les-clans-chez-les-guidar\/#primaryimage"},"thumbnailUrl":"https:\/\/associationguma.org\/wp-content\/uploads\/2024\/09\/images-1.jpeg","articleSection":["Connaissance de la culture Guidar"],"inLanguage":"fr-FR","potentialAction":[{"@type":"CommentAction","name":"Comment","target":["https:\/\/associationguma.org\/index.php\/2024\/09\/22\/chapitre-8-les-clans-chez-les-guidar\/#respond"]}]},{"@type":"WebPage","@id":"https:\/\/associationguma.org\/index.php\/2024\/09\/22\/chapitre-8-les-clans-chez-les-guidar\/","url":"https:\/\/associationguma.org\/index.php\/2024\/09\/22\/chapitre-8-les-clans-chez-les-guidar\/","name":"CHAPITRE 8. LES CLANS CHEZ LES GUIDAR - guma association","isPartOf":{"@id":"https:\/\/associationguma.org\/#website"},"primaryImageOfPage":{"@id":"https:\/\/associationguma.org\/index.php\/2024\/09\/22\/chapitre-8-les-clans-chez-les-guidar\/#primaryimage"},"image":{"@id":"https:\/\/associationguma.org\/index.php\/2024\/09\/22\/chapitre-8-les-clans-chez-les-guidar\/#primaryimage"},"thumbnailUrl":"https:\/\/associationguma.org\/wp-content\/uploads\/2024\/09\/images-1.jpeg","datePublished":"2024-09-22T03:23:42+00:00","dateModified":"2024-09-22T03:27:10+00:00","breadcrumb":{"@id":"https:\/\/associationguma.org\/index.php\/2024\/09\/22\/chapitre-8-les-clans-chez-les-guidar\/#breadcrumb"},"inLanguage":"fr-FR","potentialAction":[{"@type":"ReadAction","target":["https:\/\/associationguma.org\/index.php\/2024\/09\/22\/chapitre-8-les-clans-chez-les-guidar\/"]}]},{"@type":"ImageObject","inLanguage":"fr-FR","@id":"https:\/\/associationguma.org\/index.php\/2024\/09\/22\/chapitre-8-les-clans-chez-les-guidar\/#primaryimage","url":"https:\/\/associationguma.org\/wp-content\/uploads\/2024\/09\/images-1.jpeg","contentUrl":"https:\/\/associationguma.org\/wp-content\/uploads\/2024\/09\/images-1.jpeg","width":271,"height":186},{"@type":"BreadcrumbList","@id":"https:\/\/associationguma.org\/index.php\/2024\/09\/22\/chapitre-8-les-clans-chez-les-guidar\/#breadcrumb","itemListElement":[{"@type":"ListItem","position":1,"name":"Accueil","item":"https:\/\/associationguma.org\/"},{"@type":"ListItem","position":2,"name":"CHAPITRE 8. LES CLANS CHEZ LES GUIDAR"}]},{"@type":"WebSite","@id":"https:\/\/associationguma.org\/#website","url":"https:\/\/associationguma.org\/","name":"guma association","description":"Au coeur de la culture Guidar","publisher":{"@id":"https:\/\/associationguma.org\/#organization"},"potentialAction":[{"@type":"SearchAction","target":{"@type":"EntryPoint","urlTemplate":"https:\/\/associationguma.org\/?s={search_term_string}"},"query-input":{"@type":"PropertyValueSpecification","valueRequired":true,"valueName":"search_term_string"}}],"inLanguage":"fr-FR"},{"@type":"Organization","@id":"https:\/\/associationguma.org\/#organization","name":"guma association","url":"https:\/\/associationguma.org\/","logo":{"@type":"ImageObject","inLanguage":"fr-FR","@id":"https:\/\/associationguma.org\/#\/schema\/logo\/image\/","url":"https:\/\/associationguma.org\/wp-content\/uploads\/2024\/08\/cropped-cropped-326351127_857163832180670_1878631706776092159_n.png","contentUrl":"https:\/\/associationguma.org\/wp-content\/uploads\/2024\/08\/cropped-cropped-326351127_857163832180670_1878631706776092159_n.png","width":480,"height":480,"caption":"guma association"},"image":{"@id":"https:\/\/associationguma.org\/#\/schema\/logo\/image\/"}},{"@type":"Person","@id":"https:\/\/associationguma.org\/#\/schema\/person\/350c1aebc170c877171548c11e63b49d","name":"Association Guma","image":{"@type":"ImageObject","inLanguage":"fr-FR","@id":"https:\/\/associationguma.org\/#\/schema\/person\/image\/","url":"https:\/\/secure.gravatar.com\/avatar\/1d8d2f2806f68f67d54c8b5483f974cb4507a2d15efa290b1c53d08a81e9e440?s=96&d=mm&r=g","contentUrl":"https:\/\/secure.gravatar.com\/avatar\/1d8d2f2806f68f67d54c8b5483f974cb4507a2d15efa290b1c53d08a81e9e440?s=96&d=mm&r=g","caption":"Association Guma"},"sameAs":["http:\/\/associationguma.org"],"url":"https:\/\/associationguma.org\/index.php\/author\/admin3893\/"}]}},"_links":{"self":[{"href":"https:\/\/associationguma.org\/index.php\/wp-json\/wp\/v2\/posts\/289","targetHints":{"allow":["GET"]}}],"collection":[{"href":"https:\/\/associationguma.org\/index.php\/wp-json\/wp\/v2\/posts"}],"about":[{"href":"https:\/\/associationguma.org\/index.php\/wp-json\/wp\/v2\/types\/post"}],"author":[{"embeddable":true,"href":"https:\/\/associationguma.org\/index.php\/wp-json\/wp\/v2\/users\/1"}],"replies":[{"embeddable":true,"href":"https:\/\/associationguma.org\/index.php\/wp-json\/wp\/v2\/comments?post=289"}],"version-history":[{"count":1,"href":"https:\/\/associationguma.org\/index.php\/wp-json\/wp\/v2\/posts\/289\/revisions"}],"predecessor-version":[{"id":291,"href":"https:\/\/associationguma.org\/index.php\/wp-json\/wp\/v2\/posts\/289\/revisions\/291"}],"wp:featuredmedia":[{"embeddable":true,"href":"https:\/\/associationguma.org\/index.php\/wp-json\/wp\/v2\/media\/292"}],"wp:attachment":[{"href":"https:\/\/associationguma.org\/index.php\/wp-json\/wp\/v2\/media?parent=289"}],"wp:term":[{"taxonomy":"category","embeddable":true,"href":"https:\/\/associationguma.org\/index.php\/wp-json\/wp\/v2\/categories?post=289"},{"taxonomy":"post_tag","embeddable":true,"href":"https:\/\/associationguma.org\/index.php\/wp-json\/wp\/v2\/tags?post=289"}],"curies":[{"name":"wp","href":"https:\/\/api.w.org\/{rel}","templated":true}]}}