{"id":207,"date":"2024-09-16T04:02:48","date_gmt":"2024-09-16T03:02:48","guid":{"rendered":"https:\/\/associationguma.org\/?p=207"},"modified":"2024-09-16T04:11:14","modified_gmt":"2024-09-16T03:11:14","slug":"a-propos-de-larticle-de-vondou-toumba-sur-la-religion-traditionnelle-guidar-philosophie-spiritualite-et-religion-guidar","status":"publish","type":"post","link":"https:\/\/associationguma.org\/index.php\/2024\/09\/16\/a-propos-de-larticle-de-vondou-toumba-sur-la-religion-traditionnelle-guidar-philosophie-spiritualite-et-religion-guidar\/","title":{"rendered":"A PROPOS DE L\u2019ARTICLE DE VONDOU TOUMBA SUR LA RELIGION TRADITIONNELLE GUIDAR (PHILOSOPHIE, SPIRITUALIT\u00c9  ET RELIGION GUIDAR)"},"content":{"rendered":"\t\t<div data-elementor-type=\"wp-post\" data-elementor-id=\"207\" class=\"elementor elementor-207\">\n\t\t\t\t<div class=\"elementor-element elementor-element-6d05f7a e-flex e-con-boxed e-con e-parent\" data-id=\"6d05f7a\" data-element_type=\"container\">\n\t\t\t\t\t<div class=\"e-con-inner\">\n\t\t\t\t<div class=\"elementor-element elementor-element-f75559d elementor-widget elementor-widget-text-editor\" data-id=\"f75559d\" data-element_type=\"widget\" data-widget_type=\"text-editor.default\">\n\t\t\t\t<div class=\"elementor-widget-container\">\n\t\t\t\t\t\t\t<p>Le 28 octobre 2019, <strong>Jo\u00ebl Tizi<\/strong> a publi\u00e9 dans le groupe WhattsApp \u00ab&nbsp;Langue guidar, Codification&nbsp;\u00bb un lien permettant de t\u00e9l\u00e9charger et lire un article \u00e9crit par <strong>Vondou Toumba Marcel<\/strong>, un Guidar vivant en Belgique<a href=\"#_ftn1\" name=\"_ftnref1\">[1]<\/a>.<\/p>\n<p>Je voudrais tout d\u2019abord exprimer mon \u00e9merveillement devant la m\u00e9moire tr\u00e8s vive du petit fr\u00e8re qui a fui le pays <em>ka\u0257a<\/em> depuis des d\u00e9cennies mais qui se rappelle de menus d\u00e9tails que bon nombre de Guidar m\u00eame vivant \u00e0 Guider ou \u00e0 Figuil ignorent, je dirais de bonne foi. Chapeau bas donc pour ces souvenirs vivaces.<\/p>\n<p>Ceci dit, voici une grande contribution au d\u00e9bat sur la culture guidar, m\u00eame s\u2019il s\u2019int\u00e9resse \u00e0 un sujet, celui de la foi, qui soul\u00e8ve facilement des passions ne relevant souvent pas du domaine r\u00e9fl\u00e9chi. En effet, le diagnostic que nous avons fait lors des d\u00e9bats ayant pr\u00e9c\u00e9d\u00e9 la cr\u00e9ation de l\u2019association Guma-Asprocg, <strong>la disparition de la religion traditionnelle au profit du christianisme et de l\u2019islam<\/strong> a \u00e9t\u00e9 identifi\u00e9e comme un des \u00e9l\u00e9ments constitutifs de la disparition de la culture guidar. Dans le <u>Document de travail<\/u> du 03 mai 2017, nous \u00e9crivions ceci&nbsp;:<\/p>\n<p>\u00ab&nbsp;<em>Le constat est l\u00e0&nbsp;: la religion traditionnelle guidar est encore pratiqu\u00e9e \u00e0 part enti\u00e8re ou concomitamment avec les religions dites du livre, qui ont fait leur intrusion il y a environ un si\u00e8cle sur le territoire guidar, mais elle a fortement r\u00e9gress\u00e9 face \u00e0 ces derni\u00e8res. Nous ne disposons pas de statistiques sur les pratiquants des diff\u00e9rentes religions chez les Guidar. A titre de rep\u00e8re, nous pouvons noter cette estimation rapport\u00e9e par Odilo Cougil, un missionnaire africain qui a travaill\u00e9 au Mozambique sur la place des religions traditionnelles en Afrique. <\/em><\/p>\n<p><em>\u00ab&nbsp;<\/em>De nos jours, presque tous disent appartenir \u00e0 l\u2019une des grandes religions, chr\u00e9tienne ou musulmane surtout. Les catholiques africains seraient 160 millions (17%), les autres chr\u00e9tiens environ 170 millions (19%), et les musulmans 360 millions (38%). Les recensements permettent de supposer que 60 millions (5%) adh\u00e8rent aux nouveaux mouvements religieux. Il resterait donc 200 millions (21%) d\u2019Africains toujours fid\u00e8les aux religions traditionnelles africaines.&nbsp;<em>\u00bb<\/em><\/p>\n<p><em>Dans la mesure o\u00f9 les religions traditionnelles africaines r\u00e9glaient tous les aspects de la vie et de l\u2019organisation sociale, qu\u2019il s\u2019agisse des relations entre les classes d\u2019\u00e2ge ou les sexes, des relations avec la nature, de perception de la maladie, de l\u2019acceptation de la mort, etc\u2026, la disparition ou l\u2019affaiblissement de ces religions contribue forc\u00e9ment \u00e0 la disparition de la culture des peuples qui les pratiquaient.<\/em><\/p>\n<p><em>La menace sur la langue et la religion traditionnelle guidar a des cons\u00e9quences qui vont au-del\u00e0 du champ culturel. Elle r\u00e9sulte m\u00eame en <strong>une d\u00e9perdition des membres de l\u2019ethnie<\/strong>, dans ce mouvement que les ethnologues appellent <strong>d\u00e9tribalisation<\/strong>, au profit des ethnies voisines comme les Mundang et surtout de l\u2019ethnie peuhl, donnant naissance \u00e0 la notion de <strong>foulb\u00e9isation<\/strong>. En effet, depuis le contact des Guidar avec les Peuhl, plus particuli\u00e8rement depuis l\u2019islamisation d\u2019une fraction importante de notre peuple, certains \u00e9l\u00e9ments islamis\u00e9s ont carr\u00e9ment chang\u00e9 d\u2019ethnie. Ils sont&nbsp;<\/em><em style=\"font-size: 14px; color: var( --e-global-color-text ); text-align: var(--text-align);\">devenus Fulb\u00e9, parce que confondant islamisation et assimilation ethnique et culturelle. Ils ont abandonn\u00e9 leur(s) religion(s) d\u2019origine, leurs noms et la pratique de leur langue maternelle, ont adopt\u00e9 des habitudes vestimentaires et alimentaires du groupe auquel ils ont adh\u00e9r\u00e9. Souvent, cela s\u2019est accompagn\u00e9 par la migration du village vers la ville ou vers un village peupl\u00e9 de musulmans<\/em><span style=\"font-size: 14px; color: var( --e-global-color-text ); text-align: var(--text-align);\">&nbsp;\u00bb.<\/span><\/p>\n<p>Lorsque Vondou \u00e9crit que \u00ab&nbsp;<em>L\u2019ardeur du pros\u00e9lytisme en pays guidar atteignit son apog\u00e9e \u00e0 un point tel que l\u2019iconoclastie devint un ph\u00e9nom\u00e8ne de mode : rites guidar devenus sataniques, noms guidar honteux, langue guidar barbare, danses guidar vulgaires, religion guidar diabolique. Apostasier les croyances guidar \u00e9quivalait \u00e0 un acte salvateur et une profession de foi du pros\u00e9lyte dans sa nouvelle religion&nbsp;<\/em>\u00bb, il fait le m\u00eame constat que celui que nous venons de citer.&nbsp;<\/p>\n<p>Il est clair qu\u2019aujourd\u2019hui, le d\u00e9bat n\u2019est pas de savoir s\u2019il faut abandonner les nouvelles religions pour revenir aux religions traditionnelles. Non&nbsp;! Nous avons atteint un niveau tel que chacun est libre de suivre une religion de son choix ou de ne m\u00eame pas avoir de religion. Mais le probl\u00e8me est justement l\u00e0&nbsp;: il s\u2019agit de dire que toutes les religions, y compris donc nos religions traditionnelles, m\u00e9ritent le respect et non la raillerie ou le m\u00e9pris, comme nous l\u2019avons v\u00e9cu ces derni\u00e8res d\u00e9cennies.<\/p>\n<p><\/p>\n<p>\u00ab&nbsp;<em>Fort heureusement<\/em>, constate Vondou, <em>depuis quelques ann\u00e9es, il y a un regain de \u00ab conscience de soi \u00bb dans l\u2019\u00e2me guidar. Les noms guidar d\u00e9cri\u00e9s nagu\u00e8re refont surface, la langue guidar refait elle aussi timidement surface dans tous les milieux. L\u2019heure est \u00e0 la pr\u00e9servation du patrimoine guidar ; du moins, de ce qu\u2019il en reste<\/em>.&nbsp;\u00bb&nbsp;<\/p>\n<p>Vers la fin de son texte, il insiste&nbsp;: \u00ab&nbsp;<em>Comme il a \u00e9t\u00e9 dit dans l\u2019introduction, le Guidar agonisant culturellement semble reprendre des forces. Il sort de sa torpeur ali\u00e9nante et prend conscience que lui aussi a une langue, des noms propres, une culture, une religion ; qu\u2019il est un homme \u00e0 part enti\u00e8re<\/em>&nbsp;\u00bb.<\/p>\n<p>En ce sens donc, la contribution de Vondou Toumba Marcel entre en droite ligne de l\u2019effort que nous faisons pour \u00e9tudier et comprendre nos cultures, afin d\u2019en sauvegarder ou de promouvoir ce qui peut encore l\u2019\u00eatre.<\/p>\n<p>Cela \u00e9tant, de nombreuses positions de notre fr\u00e8re sont tout \u00e0 fait discutables et certainement les personnes bien plus expertes en mati\u00e8re de religion lui apporteront la r\u00e9plique dans un esprit constructif.<\/p>\n<p>Quant \u00e0 moi, apr\u00e8s avoir apport\u00e9 des corrections \u00e0 la graphie des termes en guidar (d\u2019apr\u00e8s la police Camsildoulos de Keyman), je me limiterai \u00e0 quelques remarques du grand profane que je suis.<\/p>\n<p>\u00ab&nbsp;<em>Le Guidar croit en l\u2019existence d\u2019un Dieu unique, artisan de toutes choses<\/em>&nbsp;\u00bb, \u00e9crit Vondou. Tout \u00e0 fait. L\u2019homme guidar, contrairement \u00e0 ce que les observateurs non avertis des religions africaines peuvent penser, est monoth\u00e9iste et croit en un seul Dieu. Vondou lui-m\u00eame l\u2019a bien dit&nbsp;: \u00e0 chaque \u00e9v\u00e9nement malheureux ou heureux, le Guidar invoquera le nom de <em>Ma\u014bg\u0259lva<\/em>, le Dieu. J\u2019ajouterai quelques autres indices qui confirment bien le caract\u00e8re monoth\u00e9iste de la religion ou de la pens\u00e9e guidar. Le mot <em>Ma\u014bg\u0259lva<\/em> pour d\u00e9signer Dieu, ne se met pas au pluriel. Il y a un terme qu\u2019on appelle <em>Ma\u014bg\u0259lve\u0257i<\/em> qui ne d\u00e9signe pas les Dieux mais plut\u00f4t une maladie, mais ce n\u2019est pas le pluriel du mot <em>Ma\u014bg\u0259lva<\/em> pour d\u00e9signer Dieu. Et quand un Guidar donne \u00e0 son enfant le nom <em>Ma\u014bg\u0259lvaisa <\/em>il s\u2019adresse \u00e0 son ennemi jur\u00e9 en lui disant qu\u2019il n\u2019est pas Dieu, sous-entendu qu\u2019il n\u2019y a que Dieu qui peut d\u00e9cider de son sort.<\/p>\n<p>\u00ab&nbsp;<em>La religion Guidar n\u2019a <\/em>(peut-\u00eatre) <em>pas de dogme, pas de temples, pas de sacerdoce, pas de liturgie<\/em>&nbsp;\u00bb, mais il y a bien des rituels communs \u00e0 tous les Guidar lorsqu\u2019ils offrent des sacrifices \u00e0 l\u2019autel familial (<em>a ma tuya<\/em>). Il y a des lieux o\u00f9 des rites religieux sont exerc\u00e9s \u00e0 certains moments de l\u2019ann\u00e9e comme sur le Mont Voru (<em>Kiyit Voru<\/em>), lieu du culte conduit par un pr\u00eatre Melketin na Arbaba, le <em>Kiyit Guzlungur<\/em> ou le <em>M\u0259t\u0259w\u0259k\u0259\u014b<\/em> (une for\u00eat sacr\u00e9e) pour les <em>M\u0259da\u0253\u0259ra<\/em>. Chaque ann\u00e9e, \u00e0 la f\u00eate de <em>d<\/em><em>\u0259gla<\/em> ou de <em>guma<\/em> \u00e0 une heure fixe, les personnes habilit\u00e9es \u00e0 exercer certains rites \u00e0 ces endroits (grottes ou for\u00eats sacr\u00e9es) y vont, dans certains cas font des libations de bi\u00e8re de mil et y prononcent certaines incantations, y font des observations qu\u2019ils interpr\u00e8teront pour deviner l\u2019avenir de tout un village. A Zigi, les <em>M\u0259sd\u0259lvingue<\/em> (les chefs de terre<a href=\"#_ftn1\" name=\"_ftnref1\">[1]<\/a>) entrent en conclave pendant plusieurs jours au cours desquels ils consulteront diff\u00e9rents devins pour ausculter \u00ab&nbsp;l\u2019\u00e9tat du monde&nbsp;\u00bb. Et ces lieux sacr\u00e9s, ces rituels, existent dans tous les vieux villages guidar. Si on consid\u00e8re que la liturgie \u00ab&nbsp;<em>d\u00e9signe l\u2019ensemble des rites, c\u00e9r\u00e9monies et pri\u00e8res d\u00e9di\u00e9s au culte d\u2019une divinit\u00e9 religieuse, tels qu\u2019ils sont d\u00e9finis selon les r\u00e8gles \u00e9ventuellement codifi\u00e9es dans les textes sacr\u00e9s ou la tradition&nbsp;<\/em>\u00bb (selon l\u2019encyclop\u00e9die Wikip\u00e9dia), les rites, c\u00e9r\u00e9monies et pri\u00e8res qu\u2019ex\u00e9cutent les pr\u00eatres de la religion traditionnelle guidar dans ces lieux sacr\u00e9s sont bel et bien de la liturgie.&nbsp;<\/p>\n<p>Les Guidar n\u2019ont pas les dix commandements des chr\u00e9tiens, mais ils ont bien leur id\u00e9e de ce qui attend l\u2019Homme apr\u00e8s la mort. Si cela avait \u00e9t\u00e9 \u00e9crit dans un Livre saint, cela aurait valeur de dogme. Ainsi, les Guidar pensent qu\u2019apr\u00e8s sa mort, l\u2019homme retrouvera ses parents qui sont d\u00e9j\u00e0 dans le village de l\u2019au-del\u00e0. Mais, chacun, selon son m\u00e9rite, gagn\u00e9 par ses \u0153uvres terrestres. Celui qui n\u2019a pas de probl\u00e8me, l\u2019homme qui a men\u00e9 une vie de bien sur terre, sera imm\u00e9diatement accept\u00e9 au village. Il va au paradis. Par contre celui qui n\u2019a pas men\u00e9 une vie correcte, au regard du <strong>p\u00e9ch\u00e9 mortel des Guidar qu\u2019est l\u2019avarice<\/strong>, celui-l\u00e0 ou celle-l\u00e0, sera rejet\u00e9 en dehors du village. Et si cette \u00e2me en errance, au purgatoire diront les chr\u00e9tiens, parvient \u00e0 envoyer des signes de souffrance que les parents vivants sur terre arrivent \u00e0 capter, ils pourront faire des sacrifices, et notamment tuer un animal et en distribuer la viande pour compenser ce que le mort n\u2019avait pas fait de son vivant, alors elle sera admise. Autrement, le mort sera condamn\u00e9 \u00e0 ronger ses genoux ou ses coudes ind\u00e9finiment. Ronger son genou ind\u00e9finiment&nbsp;: avez-vous reconnu l\u2019enfer&nbsp;? Chez les Guidar, le respect pour les parents est un commandement important. De m\u00eame, un Guidar qui a caus\u00e9 un crime sera soumis \u00e0 une purification rituelle pour conjurer la vengeance de l\u2019esprit de la victime contre son assassin. Mais, pourquoi l\u2019avarice est le plus grand p\u00e9ch\u00e9 chez les Guidar&nbsp;? Probablement parce qu\u2019ils vivaient dans une soci\u00e9t\u00e9 autarcique o\u00f9 les membres doivent compter sur la solidarit\u00e9 pour survivre.<\/p>\n<p>L\u2019autel familial n\u2019est pas un temple, mais il ne viendrait \u00e0 l\u2019esprit de personne, m\u00eame saoule comme une abeille, d\u2019aller profaner cet autel, par exemple en urinant sur la marmite du <em>ma tuya<\/em>. C\u2019est un lieu sacr\u00e9 et respect\u00e9, o\u00f9 sont ex\u00e9cut\u00e9es certaines c\u00e9r\u00e9monies, dites certaines pri\u00e8res. Et, \u00e0 propos des c\u00e9r\u00e9monies ex\u00e9cut\u00e9es dans le <em>ma tuya<\/em>, par exemple lorsqu\u2019on \u00e9gorge le poulet pour le <em>digzim<\/em>, une partie de la nourriture (constitu\u00e9e du foie brais\u00e9, et de la boule de mil enduite du digzim) sera servie sur la ou les marmites repr\u00e9sentant les parents disparus du c\u00e9l\u00e9brant, mais une autre partie sera lanc\u00e9e en direction du ciel, pour le <em>Ma\u014bg\u0259lva.<\/em><\/p>\n<p>En fait, ce qui fait la \u00ab&nbsp;faiblesse&nbsp;\u00bb de la religion traditionnelle guidar par rapport \u00e0 celles qui ont \u00e9t\u00e9 import\u00e9es et aujourd\u2019hui largement adopt\u00e9es en pays guidar, c\u2019est que la premi\u00e8re n\u2019a pas \u00e9t\u00e9 \u00e9crite dans un livre. Il y a bien des rites, mais n\u2019\u00e9tant pas codifi\u00e9s, ils ne sont pas immuables et sacralis\u00e9s. Il y a bien des commandements et des consid\u00e9rations par rapport au sort de l\u2019homme apr\u00e8s sa mort, mais n\u2019\u00e9tant pas \u00e9crits, ils paraissent avoir moins de force que ceux des religions dites du Livre. Mais en fait, il en va de m\u00eame pour toute la culture guidar, y compris de sa langue&nbsp;: l\u2019absence d\u2019\u00e9criture est son talon d\u2019Achille.<\/p>\n<p>Vondou \u00e9crit que \u00ab&nbsp;<em>Les pr\u00eatres guidar sont l\u00e9gion et se sp\u00e9cialisent parfois dans des secteurs d\u2019activit\u00e9s. Il en est qui sont mal\u00e9fiques (malfaisants) et d\u2019autres b\u00e9n\u00e9fiques (bienfaisants)<\/em>\u00bb. Il conclut son texte en ces termes \u00ab&nbsp;<em>Nous voici arriv\u00e9s au terme de cette compilation de faits jug\u00e9s par nous religieux chez les Guidar<\/em>&nbsp;\u00bb.<\/p>\n<p>M\u00eame si nous avons accept\u00e9 que \u00ab&nbsp;<em>les religions traditionnelles africaines r\u00e9glaient tous les aspects la vie et de l\u2019organisation sociale, qu\u2019il s\u2019agisse des relations entre les classes d\u2019\u00e2ge ou les sexes, des relations avec la nature, de perception de la maladie, de l\u2019acceptation de la mort, etc<\/em>\u2026&nbsp;\u00bb, on ne peut pas mettre tous les aspects qu\u2019il d\u00e9crits dans son texte comme relevant de la religion au sens strict.<\/p>\n<p>Sans entrer dans des d\u00e9dales des d\u00e9finitions des mots rites, rituels, c\u00e9r\u00e9monies, en nous guidant de la classification que fait Wikipedia&nbsp; selon laquelle les occasions rituelles concernent soit la vie collective globale de la communaut\u00e9, soit des circonstances familiales soit encore la vie spirituelle individuelle, nous pouvons ranger les rites et c\u00e9r\u00e9monies guidar dans les registres suivants.&nbsp;<\/p>\n<ul>\n<li><strong>C\u00e9l\u00e9bration de la vie<\/strong>\n<ul>\n<li><em>\u0259gilgi\u014b muzliya s\u0259 gizi\u014b&nbsp;;&nbsp;\u0259rba\u014b s\u0259\u014b pay s\u0259\u014b muzliya&nbsp;;&nbsp;\u0259lva\u014b muzliya&nbsp;: <\/em>bapt\u00eame<\/li>\n<li><em>\u0259kay gulku (\u0259daha) (\u0259basa&nbsp;;&nbsp;\u0259\u0253ele)<\/em>&nbsp;: fian\u00e7ailles<\/li>\n<li><em>\u0259k\u0259t wa\u014bk amba zile<\/em>: mariage proprement dit<\/li>\n<li><em>\u0259g\u0259m gulku<\/em>: mariage par enl\u00e8vement consenti (improprement qualifi\u00e9 de \u00ab&nbsp;rapt&nbsp;\u00bb)<\/li>\n<li><em>\u0259skil messin\u0257e (\u0259lma va&nbsp;;&nbsp;\u0259skilti&nbsp;;&nbsp;\u0259kpor p&nbsp;\u0259lwiti)<\/em>: toutes les phases allant de l\u2019annonce des naissances de jumeaux jusqu\u2019aux derni\u00e8res c\u00e9r\u00e9monies<\/li>\n<li><em>\u0259\u014bd\u0259k&nbsp;\u0257\u0259fa<\/em>: enterrement (d\u00e9crire les diff\u00e9rents types en fonction de l\u2019\u00e2ge, du sexe ou du statut du d\u00e9funt)<\/li>\n<li><em>\u0259g\u0257a glabaya<\/em>: fun\u00e9railles proprement dites (d\u00e9crire y compris l\u2019installation de l\u2019h\u00e9ritier, le cas \u00e9ch\u00e9ant)<\/li>\n<\/ul>\n<\/li>\n<li><strong>C\u00e9l\u00e9brations d\u2019\u00e9v\u00e9nements annuels saisonniers<\/strong>\n<ul>\n<li><em>\u0259da zula&nbsp;; \u0259lha\u014b madambilze<\/em>: c\u00e9r\u00e9monies organis\u00e9es avant de consommer des produits de la nouvelle r\u00e9colte<\/li>\n<li><em>m\u0259lha tuya<\/em>: c\u00e9r\u00e9monie organis\u00e9e avant lancer la r\u00e9colte du mil \u00e0 Djougui<\/li>\n<li><em>hahwi<\/em>: c\u00e9r\u00e9monie organis\u00e9e avant lancer la r\u00e9colte du mil \u00e0 KongKong<\/li>\n<li><em>\u0259\u0257iy offo awra (\u0259zla ba\u014bga)<\/em>: feux de brousse rituels<\/li>\n<li><em>m\u0259sg\u0259la,&nbsp;der\u0257ew<\/em> : f\u00eate organis\u00e9e pour c\u00e9l\u00e9brer les nouvelles r\u00e9coltes dans certains villages<\/li>\n<li><em>weyyere<\/em>: c\u00e9r\u00e9monie ayant deux volets, l\u2019un organis\u00e9 par les enfants, l\u2019autre par les adultes \u00e0 la veille de la grande f\u00eate du village<\/li>\n<li><em>\u0259ss\u0259r agg\u0259rma<\/em>: rite c\u00e9l\u00e9br\u00e9 par des jeunes filles qui consiste \u00e0 aller moudre des grains du mil tous les soirs sur des rochers, \u00e0 une p\u00e9riode bien d\u00e9finie de l\u2019ann\u00e9e<\/li>\n<li><em>wuzlra na d\u0259gla<\/em>: f\u00eate des r\u00e9coltes \u00e0 Djougui<a href=\"#_ftn2\" name=\"_ftnref2\">[2]<\/a><\/li>\n<li><em>wuzlra na guma<\/em>: grande f\u00eate annuelle organis\u00e9e selon un calendrier donn\u00e9 pour les villages ou groupes de villages guidar.<\/li>\n<\/ul>\n<\/li>\n<li><strong>C\u00e9l\u00e9brations religieuses<\/strong><\/li>\n<\/ul>\n<p><a href=\"#_ftnref1\" name=\"_ftn1\">[1]<\/a> A Zigi, contrairement \u00e0 la plupart des villages guidar, il y a plusieurs <em>M\u0259sd\u0259lva <\/em>(<em>M\u0259sd\u0259lvingue <\/em>au pluriel<em>)<\/em>. En fait, pour comprendre cette sp\u00e9cificit\u00e9, il faut remonter \u00e0 une \u00e9poque o\u00f9 Zigi n\u2019\u00e9tait pas un village mais plusieurs villages&nbsp;: Koriok, cr\u00e9\u00e9 et habit\u00e9 par les <em>M\u0259Koriok, <\/em>Da\u0253\u0259r, cr\u00e9\u00e9 et habit\u00e9 par les <em>M\u0259Da\u0253\u0259ra, <\/em>Gabla, cr\u00e9\u00e9 et habit\u00e9 par les <em>M\u0259Gabla, <\/em>D\u0259gar <em>habit\u00e9 par les <\/em><em>M\u0259smasa. <\/em>Puis d\u2019autres clans sont venus et ont constitu\u00e9 de nouveaux quartiers. Les dix quartiers ont alors constitus\u0308 la fd\u0308r\u0308ation de Zigi.<\/p>\n<p><a href=\"#_ftnref2\" name=\"_ftn2\">[2]<\/a> Contrairement \u00e0 ce qu\u2019a \u00e9crit Vondou, la f\u00eate de Guma n\u2019est pas la f\u00eate des r\u00e9coltes. C\u2019est Wuzlra na D\u0259gla&nbsp;qui est la f\u00eate de r\u00e9coltes \u00e0 Zigi, M\u0259sg\u0259la,&nbsp;Der\u0257ew dans les villages autour de Zlam.<\/p>\n<p><a href=\"#_ftnref1\" name=\"_ftn1\">[1]<\/a> <a href=\"http:\/\/patrimoineguidar.over-blog.com\/2019\/10\/religion-traditionnelle-guidar\">http:\/\/patrimoineguidar.over-blog.com\/2019\/10\/religion-traditionnelle-guidar<\/a><\/p>\t\t\t\t\t\t<\/div>\n\t\t\t\t<\/div>\n\t\t\t\t\t<\/div>\n\t\t\t\t<\/div>\n\t\t\t\t<\/div>\n\t\t","protected":false},"excerpt":{"rendered":"<p>Le 28 octobre 2019, Jo\u00ebl Tizi a publi\u00e9 dans le groupe WhattsApp \u00ab Langue guidar, Codification \u00bb un lien permettant de t\u00e9l\u00e9charger et lire un article \u00e9crit par Vondou Toumba Marcel, un Guidar vivant en Belgique .<\/p>\n","protected":false},"author":1,"featured_media":0,"comment_status":"open","ping_status":"open","sticky":false,"template":"","format":"standard","meta":{"footnotes":""},"categories":[8],"tags":[],"class_list":["post-207","post","type-post","status-publish","format-standard","hentry","category-connaissance-de-la-culture-guidar"],"yoast_head":"<!-- This site is optimized with the Yoast SEO plugin v23.5 - https:\/\/yoast.com\/wordpress\/plugins\/seo\/ -->\n<title>A PROPOS DE L\u2019ARTICLE DE VONDOU TOUMBA SUR LA RELIGION TRADITIONNELLE GUIDAR (PHILOSOPHIE, SPIRITUALIT\u00c9 ET RELIGION GUIDAR) - guma association<\/title>\n<meta name=\"robots\" content=\"index, follow, max-snippet:-1, max-image-preview:large, max-video-preview:-1\" \/>\n<link rel=\"canonical\" href=\"https:\/\/associationguma.org\/index.php\/2024\/09\/16\/a-propos-de-larticle-de-vondou-toumba-sur-la-religion-traditionnelle-guidar-philosophie-spiritualite-et-religion-guidar\/\" \/>\n<meta property=\"og:locale\" content=\"fr_FR\" \/>\n<meta property=\"og:type\" content=\"article\" \/>\n<meta property=\"og:title\" content=\"A PROPOS DE L\u2019ARTICLE DE VONDOU TOUMBA SUR LA RELIGION TRADITIONNELLE GUIDAR (PHILOSOPHIE, SPIRITUALIT\u00c9 ET RELIGION GUIDAR) - guma association\" \/>\n<meta property=\"og:description\" content=\"Le 28 octobre 2019, Jo\u00ebl Tizi a publi\u00e9 dans le groupe WhattsApp \u00ab Langue guidar, Codification \u00bb un lien permettant de t\u00e9l\u00e9charger et lire un article \u00e9crit par Vondou Toumba Marcel, un Guidar vivant en Belgique .\" \/>\n<meta property=\"og:url\" content=\"https:\/\/associationguma.org\/index.php\/2024\/09\/16\/a-propos-de-larticle-de-vondou-toumba-sur-la-religion-traditionnelle-guidar-philosophie-spiritualite-et-religion-guidar\/\" \/>\n<meta property=\"og:site_name\" content=\"guma association\" \/>\n<meta property=\"article:published_time\" content=\"2024-09-16T03:02:48+00:00\" \/>\n<meta property=\"article:modified_time\" content=\"2024-09-16T03:11:14+00:00\" \/>\n<meta name=\"author\" content=\"Association Guma\" \/>\n<meta name=\"twitter:card\" content=\"summary_large_image\" \/>\n<meta name=\"twitter:label1\" content=\"\u00c9crit par\" \/>\n\t<meta name=\"twitter:data1\" content=\"Association Guma\" \/>\n\t<meta name=\"twitter:label2\" content=\"Dur\u00e9e de lecture estim\u00e9e\" \/>\n\t<meta name=\"twitter:data2\" content=\"12 minutes\" \/>\n<script type=\"application\/ld+json\" class=\"yoast-schema-graph\">{\"@context\":\"https:\/\/schema.org\",\"@graph\":[{\"@type\":\"Article\",\"@id\":\"https:\/\/associationguma.org\/index.php\/2024\/09\/16\/a-propos-de-larticle-de-vondou-toumba-sur-la-religion-traditionnelle-guidar-philosophie-spiritualite-et-religion-guidar\/#article\",\"isPartOf\":{\"@id\":\"https:\/\/associationguma.org\/index.php\/2024\/09\/16\/a-propos-de-larticle-de-vondou-toumba-sur-la-religion-traditionnelle-guidar-philosophie-spiritualite-et-religion-guidar\/\"},\"author\":{\"name\":\"Association Guma\",\"@id\":\"https:\/\/associationguma.org\/#\/schema\/person\/350c1aebc170c877171548c11e63b49d\"},\"headline\":\"A PROPOS DE L\u2019ARTICLE DE VONDOU TOUMBA SUR LA RELIGION TRADITIONNELLE GUIDAR (PHILOSOPHIE, SPIRITUALIT\u00c9 ET RELIGION GUIDAR)\",\"datePublished\":\"2024-09-16T03:02:48+00:00\",\"dateModified\":\"2024-09-16T03:11:14+00:00\",\"mainEntityOfPage\":{\"@id\":\"https:\/\/associationguma.org\/index.php\/2024\/09\/16\/a-propos-de-larticle-de-vondou-toumba-sur-la-religion-traditionnelle-guidar-philosophie-spiritualite-et-religion-guidar\/\"},\"wordCount\":2753,\"commentCount\":0,\"publisher\":{\"@id\":\"https:\/\/associationguma.org\/#organization\"},\"articleSection\":[\"Connaissance de la culture Guidar\"],\"inLanguage\":\"fr-FR\",\"potentialAction\":[{\"@type\":\"CommentAction\",\"name\":\"Comment\",\"target\":[\"https:\/\/associationguma.org\/index.php\/2024\/09\/16\/a-propos-de-larticle-de-vondou-toumba-sur-la-religion-traditionnelle-guidar-philosophie-spiritualite-et-religion-guidar\/#respond\"]}]},{\"@type\":\"WebPage\",\"@id\":\"https:\/\/associationguma.org\/index.php\/2024\/09\/16\/a-propos-de-larticle-de-vondou-toumba-sur-la-religion-traditionnelle-guidar-philosophie-spiritualite-et-religion-guidar\/\",\"url\":\"https:\/\/associationguma.org\/index.php\/2024\/09\/16\/a-propos-de-larticle-de-vondou-toumba-sur-la-religion-traditionnelle-guidar-philosophie-spiritualite-et-religion-guidar\/\",\"name\":\"A PROPOS DE L\u2019ARTICLE DE VONDOU TOUMBA SUR LA RELIGION TRADITIONNELLE GUIDAR (PHILOSOPHIE, SPIRITUALIT\u00c9 ET RELIGION GUIDAR) - guma association\",\"isPartOf\":{\"@id\":\"https:\/\/associationguma.org\/#website\"},\"datePublished\":\"2024-09-16T03:02:48+00:00\",\"dateModified\":\"2024-09-16T03:11:14+00:00\",\"breadcrumb\":{\"@id\":\"https:\/\/associationguma.org\/index.php\/2024\/09\/16\/a-propos-de-larticle-de-vondou-toumba-sur-la-religion-traditionnelle-guidar-philosophie-spiritualite-et-religion-guidar\/#breadcrumb\"},\"inLanguage\":\"fr-FR\",\"potentialAction\":[{\"@type\":\"ReadAction\",\"target\":[\"https:\/\/associationguma.org\/index.php\/2024\/09\/16\/a-propos-de-larticle-de-vondou-toumba-sur-la-religion-traditionnelle-guidar-philosophie-spiritualite-et-religion-guidar\/\"]}]},{\"@type\":\"BreadcrumbList\",\"@id\":\"https:\/\/associationguma.org\/index.php\/2024\/09\/16\/a-propos-de-larticle-de-vondou-toumba-sur-la-religion-traditionnelle-guidar-philosophie-spiritualite-et-religion-guidar\/#breadcrumb\",\"itemListElement\":[{\"@type\":\"ListItem\",\"position\":1,\"name\":\"Accueil\",\"item\":\"https:\/\/associationguma.org\/\"},{\"@type\":\"ListItem\",\"position\":2,\"name\":\"A PROPOS DE L\u2019ARTICLE DE VONDOU TOUMBA SUR LA RELIGION TRADITIONNELLE GUIDAR (PHILOSOPHIE, SPIRITUALIT\u00c9 ET RELIGION GUIDAR)\"}]},{\"@type\":\"WebSite\",\"@id\":\"https:\/\/associationguma.org\/#website\",\"url\":\"https:\/\/associationguma.org\/\",\"name\":\"guma association\",\"description\":\"Au coeur de la culture Guidar\",\"publisher\":{\"@id\":\"https:\/\/associationguma.org\/#organization\"},\"potentialAction\":[{\"@type\":\"SearchAction\",\"target\":{\"@type\":\"EntryPoint\",\"urlTemplate\":\"https:\/\/associationguma.org\/?s={search_term_string}\"},\"query-input\":{\"@type\":\"PropertyValueSpecification\",\"valueRequired\":true,\"valueName\":\"search_term_string\"}}],\"inLanguage\":\"fr-FR\"},{\"@type\":\"Organization\",\"@id\":\"https:\/\/associationguma.org\/#organization\",\"name\":\"guma association\",\"url\":\"https:\/\/associationguma.org\/\",\"logo\":{\"@type\":\"ImageObject\",\"inLanguage\":\"fr-FR\",\"@id\":\"https:\/\/associationguma.org\/#\/schema\/logo\/image\/\",\"url\":\"https:\/\/associationguma.org\/wp-content\/uploads\/2024\/08\/cropped-cropped-326351127_857163832180670_1878631706776092159_n.png\",\"contentUrl\":\"https:\/\/associationguma.org\/wp-content\/uploads\/2024\/08\/cropped-cropped-326351127_857163832180670_1878631706776092159_n.png\",\"width\":480,\"height\":480,\"caption\":\"guma association\"},\"image\":{\"@id\":\"https:\/\/associationguma.org\/#\/schema\/logo\/image\/\"}},{\"@type\":\"Person\",\"@id\":\"https:\/\/associationguma.org\/#\/schema\/person\/350c1aebc170c877171548c11e63b49d\",\"name\":\"Association Guma\",\"image\":{\"@type\":\"ImageObject\",\"inLanguage\":\"fr-FR\",\"@id\":\"https:\/\/associationguma.org\/#\/schema\/person\/image\/\",\"url\":\"https:\/\/secure.gravatar.com\/avatar\/1d8d2f2806f68f67d54c8b5483f974cb4507a2d15efa290b1c53d08a81e9e440?s=96&d=mm&r=g\",\"contentUrl\":\"https:\/\/secure.gravatar.com\/avatar\/1d8d2f2806f68f67d54c8b5483f974cb4507a2d15efa290b1c53d08a81e9e440?s=96&d=mm&r=g\",\"caption\":\"Association Guma\"},\"sameAs\":[\"http:\/\/associationguma.org\"],\"url\":\"https:\/\/associationguma.org\/index.php\/author\/admin3893\/\"}]}<\/script>\n<!-- \/ Yoast SEO plugin. -->","yoast_head_json":{"title":"A PROPOS DE L\u2019ARTICLE DE VONDOU TOUMBA SUR LA RELIGION TRADITIONNELLE GUIDAR (PHILOSOPHIE, SPIRITUALIT\u00c9 ET RELIGION GUIDAR) - guma association","robots":{"index":"index","follow":"follow","max-snippet":"max-snippet:-1","max-image-preview":"max-image-preview:large","max-video-preview":"max-video-preview:-1"},"canonical":"https:\/\/associationguma.org\/index.php\/2024\/09\/16\/a-propos-de-larticle-de-vondou-toumba-sur-la-religion-traditionnelle-guidar-philosophie-spiritualite-et-religion-guidar\/","og_locale":"fr_FR","og_type":"article","og_title":"A PROPOS DE L\u2019ARTICLE DE VONDOU TOUMBA SUR LA RELIGION TRADITIONNELLE GUIDAR (PHILOSOPHIE, SPIRITUALIT\u00c9 ET RELIGION GUIDAR) - guma association","og_description":"Le 28 octobre 2019, Jo\u00ebl Tizi a publi\u00e9 dans le groupe WhattsApp \u00ab Langue guidar, Codification \u00bb un lien permettant de t\u00e9l\u00e9charger et lire un article \u00e9crit par Vondou Toumba Marcel, un Guidar vivant en Belgique .","og_url":"https:\/\/associationguma.org\/index.php\/2024\/09\/16\/a-propos-de-larticle-de-vondou-toumba-sur-la-religion-traditionnelle-guidar-philosophie-spiritualite-et-religion-guidar\/","og_site_name":"guma association","article_published_time":"2024-09-16T03:02:48+00:00","article_modified_time":"2024-09-16T03:11:14+00:00","author":"Association Guma","twitter_card":"summary_large_image","twitter_misc":{"\u00c9crit par":"Association Guma","Dur\u00e9e de lecture estim\u00e9e":"12 minutes"},"schema":{"@context":"https:\/\/schema.org","@graph":[{"@type":"Article","@id":"https:\/\/associationguma.org\/index.php\/2024\/09\/16\/a-propos-de-larticle-de-vondou-toumba-sur-la-religion-traditionnelle-guidar-philosophie-spiritualite-et-religion-guidar\/#article","isPartOf":{"@id":"https:\/\/associationguma.org\/index.php\/2024\/09\/16\/a-propos-de-larticle-de-vondou-toumba-sur-la-religion-traditionnelle-guidar-philosophie-spiritualite-et-religion-guidar\/"},"author":{"name":"Association Guma","@id":"https:\/\/associationguma.org\/#\/schema\/person\/350c1aebc170c877171548c11e63b49d"},"headline":"A PROPOS DE L\u2019ARTICLE DE VONDOU TOUMBA SUR LA RELIGION TRADITIONNELLE GUIDAR (PHILOSOPHIE, SPIRITUALIT\u00c9 ET RELIGION GUIDAR)","datePublished":"2024-09-16T03:02:48+00:00","dateModified":"2024-09-16T03:11:14+00:00","mainEntityOfPage":{"@id":"https:\/\/associationguma.org\/index.php\/2024\/09\/16\/a-propos-de-larticle-de-vondou-toumba-sur-la-religion-traditionnelle-guidar-philosophie-spiritualite-et-religion-guidar\/"},"wordCount":2753,"commentCount":0,"publisher":{"@id":"https:\/\/associationguma.org\/#organization"},"articleSection":["Connaissance de la culture Guidar"],"inLanguage":"fr-FR","potentialAction":[{"@type":"CommentAction","name":"Comment","target":["https:\/\/associationguma.org\/index.php\/2024\/09\/16\/a-propos-de-larticle-de-vondou-toumba-sur-la-religion-traditionnelle-guidar-philosophie-spiritualite-et-religion-guidar\/#respond"]}]},{"@type":"WebPage","@id":"https:\/\/associationguma.org\/index.php\/2024\/09\/16\/a-propos-de-larticle-de-vondou-toumba-sur-la-religion-traditionnelle-guidar-philosophie-spiritualite-et-religion-guidar\/","url":"https:\/\/associationguma.org\/index.php\/2024\/09\/16\/a-propos-de-larticle-de-vondou-toumba-sur-la-religion-traditionnelle-guidar-philosophie-spiritualite-et-religion-guidar\/","name":"A PROPOS DE L\u2019ARTICLE DE VONDOU TOUMBA SUR LA RELIGION TRADITIONNELLE GUIDAR (PHILOSOPHIE, SPIRITUALIT\u00c9 ET RELIGION GUIDAR) - guma association","isPartOf":{"@id":"https:\/\/associationguma.org\/#website"},"datePublished":"2024-09-16T03:02:48+00:00","dateModified":"2024-09-16T03:11:14+00:00","breadcrumb":{"@id":"https:\/\/associationguma.org\/index.php\/2024\/09\/16\/a-propos-de-larticle-de-vondou-toumba-sur-la-religion-traditionnelle-guidar-philosophie-spiritualite-et-religion-guidar\/#breadcrumb"},"inLanguage":"fr-FR","potentialAction":[{"@type":"ReadAction","target":["https:\/\/associationguma.org\/index.php\/2024\/09\/16\/a-propos-de-larticle-de-vondou-toumba-sur-la-religion-traditionnelle-guidar-philosophie-spiritualite-et-religion-guidar\/"]}]},{"@type":"BreadcrumbList","@id":"https:\/\/associationguma.org\/index.php\/2024\/09\/16\/a-propos-de-larticle-de-vondou-toumba-sur-la-religion-traditionnelle-guidar-philosophie-spiritualite-et-religion-guidar\/#breadcrumb","itemListElement":[{"@type":"ListItem","position":1,"name":"Accueil","item":"https:\/\/associationguma.org\/"},{"@type":"ListItem","position":2,"name":"A PROPOS DE L\u2019ARTICLE DE VONDOU TOUMBA SUR LA RELIGION TRADITIONNELLE GUIDAR (PHILOSOPHIE, SPIRITUALIT\u00c9 ET RELIGION GUIDAR)"}]},{"@type":"WebSite","@id":"https:\/\/associationguma.org\/#website","url":"https:\/\/associationguma.org\/","name":"guma association","description":"Au coeur de la culture Guidar","publisher":{"@id":"https:\/\/associationguma.org\/#organization"},"potentialAction":[{"@type":"SearchAction","target":{"@type":"EntryPoint","urlTemplate":"https:\/\/associationguma.org\/?s={search_term_string}"},"query-input":{"@type":"PropertyValueSpecification","valueRequired":true,"valueName":"search_term_string"}}],"inLanguage":"fr-FR"},{"@type":"Organization","@id":"https:\/\/associationguma.org\/#organization","name":"guma association","url":"https:\/\/associationguma.org\/","logo":{"@type":"ImageObject","inLanguage":"fr-FR","@id":"https:\/\/associationguma.org\/#\/schema\/logo\/image\/","url":"https:\/\/associationguma.org\/wp-content\/uploads\/2024\/08\/cropped-cropped-326351127_857163832180670_1878631706776092159_n.png","contentUrl":"https:\/\/associationguma.org\/wp-content\/uploads\/2024\/08\/cropped-cropped-326351127_857163832180670_1878631706776092159_n.png","width":480,"height":480,"caption":"guma association"},"image":{"@id":"https:\/\/associationguma.org\/#\/schema\/logo\/image\/"}},{"@type":"Person","@id":"https:\/\/associationguma.org\/#\/schema\/person\/350c1aebc170c877171548c11e63b49d","name":"Association Guma","image":{"@type":"ImageObject","inLanguage":"fr-FR","@id":"https:\/\/associationguma.org\/#\/schema\/person\/image\/","url":"https:\/\/secure.gravatar.com\/avatar\/1d8d2f2806f68f67d54c8b5483f974cb4507a2d15efa290b1c53d08a81e9e440?s=96&d=mm&r=g","contentUrl":"https:\/\/secure.gravatar.com\/avatar\/1d8d2f2806f68f67d54c8b5483f974cb4507a2d15efa290b1c53d08a81e9e440?s=96&d=mm&r=g","caption":"Association Guma"},"sameAs":["http:\/\/associationguma.org"],"url":"https:\/\/associationguma.org\/index.php\/author\/admin3893\/"}]}},"_links":{"self":[{"href":"https:\/\/associationguma.org\/index.php\/wp-json\/wp\/v2\/posts\/207","targetHints":{"allow":["GET"]}}],"collection":[{"href":"https:\/\/associationguma.org\/index.php\/wp-json\/wp\/v2\/posts"}],"about":[{"href":"https:\/\/associationguma.org\/index.php\/wp-json\/wp\/v2\/types\/post"}],"author":[{"embeddable":true,"href":"https:\/\/associationguma.org\/index.php\/wp-json\/wp\/v2\/users\/1"}],"replies":[{"embeddable":true,"href":"https:\/\/associationguma.org\/index.php\/wp-json\/wp\/v2\/comments?post=207"}],"version-history":[{"count":7,"href":"https:\/\/associationguma.org\/index.php\/wp-json\/wp\/v2\/posts\/207\/revisions"}],"predecessor-version":[{"id":214,"href":"https:\/\/associationguma.org\/index.php\/wp-json\/wp\/v2\/posts\/207\/revisions\/214"}],"wp:attachment":[{"href":"https:\/\/associationguma.org\/index.php\/wp-json\/wp\/v2\/media?parent=207"}],"wp:term":[{"taxonomy":"category","embeddable":true,"href":"https:\/\/associationguma.org\/index.php\/wp-json\/wp\/v2\/categories?post=207"},{"taxonomy":"post_tag","embeddable":true,"href":"https:\/\/associationguma.org\/index.php\/wp-json\/wp\/v2\/tags?post=207"}],"curies":[{"name":"wp","href":"https:\/\/api.w.org\/{rel}","templated":true}]}}