{"id":199,"date":"2024-09-16T03:51:49","date_gmt":"2024-09-16T02:51:49","guid":{"rendered":"https:\/\/associationguma.org\/?p=199"},"modified":"2024-09-16T04:00:15","modified_gmt":"2024-09-16T03:00:15","slug":"historique-de-lassociation-pour-la-sauvegarde-et-la-promotion-de-la-culture-guidar-guma-asprocg","status":"publish","type":"post","link":"https:\/\/associationguma.org\/index.php\/2024\/09\/16\/historique-de-lassociation-pour-la-sauvegarde-et-la-promotion-de-la-culture-guidar-guma-asprocg\/","title":{"rendered":"HISTORIQUE DE L\u2019ASSOCIATION POUR LA SAUVEGARDE ET LA PROMOTION DE LA CULTURE GUIDAR (GUMA-ASPROCG)"},"content":{"rendered":"\t\t<div data-elementor-type=\"wp-post\" data-elementor-id=\"199\" class=\"elementor elementor-199\">\n\t\t\t\t<div class=\"elementor-element elementor-element-bc4e2e4 e-flex e-con-boxed e-con e-parent\" data-id=\"bc4e2e4\" data-element_type=\"container\">\n\t\t\t\t\t<div class=\"e-con-inner\">\n\t\t\t\t<div class=\"elementor-element elementor-element-086ea33 elementor-widget elementor-widget-heading\" data-id=\"086ea33\" data-element_type=\"widget\" data-widget_type=\"heading.default\">\n\t\t\t\t<div class=\"elementor-widget-container\">\n\t\t\t<h2 class=\"elementor-heading-title elementor-size-default\">HISTORIQUE DE L\u2019ASSOCIATION POUR LA SAUVEGARDE ET LA PROMOTION DE LA CULTURE GUIDAR (GUMA-ASPROCG)<\/h2>\t\t<\/div>\n\t\t\t\t<\/div>\n\t\t\t\t<div class=\"elementor-element elementor-element-eb12f83 elementor-widget elementor-widget-text-editor\" data-id=\"eb12f83\" data-element_type=\"widget\" data-widget_type=\"text-editor.default\">\n\t\t\t\t<div class=\"elementor-widget-container\">\n\t\t\t\t\t\t\t<p>Au d\u00e9but de l\u2019ann\u00e9e 2007, un petit groupe de Guidar a engag\u00e9 une r\u00e9flexion sur la situation de notre culture. Dans une lettre que nous avions adress\u00e9e aux membres de toute la communaut\u00e9, nous faisions le constat suivant, que chaque Guidar pouvait d\u2019ailleurs librement faire\u00a0: \u00ab\u00a0<strong><em>Notre culture est en grand danger de mort<\/em><\/strong><em>. Si rien n\u2019est fait, d\u2019ici quelques d\u00e9cennies, il n\u2019y aura plus de culture guidar et, par cons\u00e9quent, plus de peuple guidar<\/em>\u00a0\u00bb.<\/p><p>Et d\u2019\u00e9num\u00e9rer les \u00e9l\u00e9ments qui sous-tendent ce constat\u00a0:<\/p><ul><li>la langue guidar, <em>ma ka\u0257a<\/em>, est menac\u00e9e principalement par le <em>fulfuld\u00e9<\/em> et le fran\u00e7ais<\/li><li>la religion traditionnelle dispara\u00eet au profit des religions dites du Livre<\/li><li>les danses sont abandonn\u00e9es ou n\u00e9glig\u00e9es<\/li><li>les m\u00e9tiers traditionnels sont abandonn\u00e9s (tissage, forge, fabrication d\u2019objets de la vie domestique<\/li><li>l\u2019abandon ou la m\u00e9connaissance des rites et c\u00e9r\u00e9monies<\/li><li>la m\u00e9decine traditionnelle est abandonn\u00e9e ou n\u00e9glig\u00e9e<\/li><li>la d\u00e9gradation de l\u2019environnement et des produits de son exploitation\u00a0(chasse, cueillette des fruits et l\u00e9gumes, huile de ca\u00eflc\u00e9drat (<em>Khaya senegalensis<\/em>) et de <em>Balanites<\/em>, fabrication des cl\u00f4tures, des nattes, de la toiture, de la literie, des outils de labour et de d\u00e9fense, etc).<\/li><\/ul><p>La disparition de la culture augure \u00e0 terme, celle du peuple guidar lui-m\u00eame.<\/p><p>Compte tenu de la place primordiale de la culture dans la vie des peuples et face au constat alarmant de la disparition programm\u00e9e de la culture guidar, que fallait-il faire\u00a0? Nous concl\u00fbmes unanimement que\u00a0 \u00ab\u00a0<em>La sauvegarde, la d\u00e9fense et la promotion de la culture du peuple ka\u0257a d\u00e9pendront de ses propres fils et filles. Ceux-ci doivent se mobiliser de fa\u00e7ons multiformes et, entre autres, organiser la r\u00e9sistance en cr\u00e9ant une association structur\u00e9e, motiv\u00e9e et forte<\/em>\u00a0\u00bb.<\/p><p>Apr\u00e8s plusieurs r\u00e9unions, de f\u00e9vrier \u00e0 mai 2007, un document de r\u00e9flexion a \u00e9t\u00e9 produit, discut\u00e9 plusieurs fois et adopt\u00e9 au niveau de Yaound\u00e9, puis, envoy\u00e9 aux diff\u00e9rentes communaut\u00e9s guidar.<\/p><p>L\u2019id\u00e9e de la cr\u00e9ation de l\u2019association ayant \u00e9t\u00e9 largement d\u00e9battue et adopt\u00e9e, un comit\u00e9 d\u2019organisation de l\u2019assembl\u00e9e g\u00e9n\u00e9rale constitutive de l\u2019association a \u00e9t\u00e9 mis sur pied. Il a pr\u00e9par\u00e9 les documents de base (projets de textes), a mobilis\u00e9 les fonds, pris les dispositions pratiques, avec pour r\u00e9sultat la tenue effective de cette assembl\u00e9e, sanctionn\u00e9e par un communiqu\u00e9 final\u00a0: \u00ab\u00a0<em>700 d\u00e9l\u00e9gu\u00e9s des diff\u00e9rentes communaut\u00e9s guidar, r\u00e9unis en assembl\u00e9e g\u00e9n\u00e9rale \u00e0 Guider les 7 et 8 novembre 2009, ont d\u00e9cid\u00e9 de cr\u00e9er une association culturelle d\u00e9nomm\u00e9e <strong>Association pour la sauvegarde et la promotion de la culture guidar (GUMA-ASPROCG)<\/strong>. Ils ont adopt\u00e9 ses statuts et r\u00e8glement int\u00e9rieur et mis en place les instances charg\u00e9es de conduire les affaires de l\u2019Association<\/em>\u00a0\u00bb. Deux amendements des statuts ont \u00e9t\u00e9 adopt\u00e9s, en 2012 et 2021, portant notamment sur la d\u00e9nomination de l\u2019association qui est d\u00e9sormais <strong>GUMA &#8211;<\/strong> <strong>Association pour la sauvegarde et la promotion de la culture Guidar<\/strong><strong>.<\/strong><\/p><p>Les documents fondamentaux de l\u2019association ont \u00e9t\u00e9 publi\u00e9s sous forme d\u2019un livret du membre que chaque adh\u00e9rent doit se procurer.<\/p><p>Le 17 novembre 2009, un r\u00e9c\u00e9piss\u00e9 de d\u00e9claration d\u2019association est d\u00e9livr\u00e9 par le pr\u00e9fet du Mayo Louti.<\/p><p>Depuis lors, trois assembl\u00e9es g\u00e9n\u00e9rales ordinaires se sont tenues en 2012, en 2017 et en 2021. Le programme d\u2019actions \u00e0 court et moyen terme \u00e9labor\u00e9 par le Bureau ex\u00e9cutif de l\u2019Association a \u00e9t\u00e9 valid\u00e9 par l\u2019assembl\u00e9e g\u00e9n\u00e9rale de 2012 et \u00e9tait appel\u00e9 \u00e0 \u00eatre d\u00e9ploy\u00e9 apr\u00e8s cette session. Deux \u00e9ditions du Festival Guma se sont d\u00e9roul\u00e9es en 2017 et 2021 \u00e0 Guider, si\u00e8ge de l\u2019association, drainant des foules de plus en plus immenses. Le Festival est devenu une institution importante de notre association et est d\u00e9sormais g\u00e9r\u00e9 par un Comit\u00e9 d\u2019organisation d\u00e9di\u00e9 dont l\u2019actuelle pr\u00e9sidente est notre s\u0153ur Madia Julienne. En avril 2023, nous avons organis\u00e9 un mini-festival \u00e0 Yaound\u00e9, au cours duquel des instruments de musique guidar ont \u00e9t\u00e9 remis au Mus\u00e9e national du Cameroun. Un Comit\u00e9 de Codification et de standardisation de la langue guidar a \u00e9t\u00e9 cr\u00e9\u00e9 en 2022\u00a0; il est pr\u00e9sid\u00e9 par notre fr\u00e8re Mgr Andr\u00e9 Simon Madi et a d\u00e9but\u00e9 ses activit\u00e9s.<\/p><p>Nous sommes actuellement tr\u00e8s mobilis\u00e9s pour l\u2019organisation de la 3<sup>\u00e8me<\/sup> \u00e9dition du Festival Guma. Le succ\u00e8s de cette manifestation reposant essentiellement sur la mobilisation des membres de notre communaut\u00e9 et sur le soutien de nos amis, amoureux de la culture, je vous exhorte \u00e0 redoubler d\u2019efforts d\u00e8s maintenant pour que la f\u00eate soit encore plus belle. N\u2019oubliez pas l\u2019essentiel\u00a0: le festival comme toutes nos activit\u00e9s ont pour objectif la sauvegarde et la promotion de la culture guidar, un objectif noble qui re\u00e7oit l\u2019adh\u00e9sion sans r\u00e9serve de tous les Guidar, sans distinction de rang social, de village, d\u2019ob\u00e9dience politique ou religieuse.\u00a0<\/p>\t\t\t\t\t\t<\/div>\n\t\t\t\t<\/div>\n\t\t\t\t\t<\/div>\n\t\t\t\t<\/div>\n\t\t<div class=\"elementor-element elementor-element-0008fa2 e-flex e-con-boxed e-con e-parent\" data-id=\"0008fa2\" data-element_type=\"container\">\n\t\t\t\t\t<div class=\"e-con-inner\">\n\t\t\t\t<div class=\"elementor-element elementor-element-698b270 elementor-widget elementor-widget-text-editor\" data-id=\"698b270\" data-element_type=\"widget\" data-widget_type=\"text-editor.default\">\n\t\t\t\t<div class=\"elementor-widget-container\">\n\t\t\t\t\t\t\t<p style=\"text-align: right;\"><strong><u>Albert Douffissa<\/u><\/strong><\/p>\t\t\t\t\t\t<\/div>\n\t\t\t\t<\/div>\n\t\t\t\t\t<\/div>\n\t\t\t\t<\/div>\n\t\t\t\t<\/div>\n\t\t","protected":false},"excerpt":{"rendered":"<p>Au d\u00e9but de l\u2019ann\u00e9e 2007, un petit groupe de Guidar a engag\u00e9 une r\u00e9flexion sur la situation de notre culture&#8230;<\/p>\n","protected":false},"author":1,"featured_media":0,"comment_status":"open","ping_status":"open","sticky":false,"template":"","format":"standard","meta":{"footnotes":""},"categories":[1],"tags":[],"class_list":["post-199","post","type-post","status-publish","format-standard","hentry","category-accueil"],"yoast_head":"<!-- This site is optimized with the Yoast SEO plugin v23.5 - https:\/\/yoast.com\/wordpress\/plugins\/seo\/ -->\n<title>HISTORIQUE DE L\u2019ASSOCIATION POUR LA SAUVEGARDE ET LA PROMOTION DE LA CULTURE GUIDAR (GUMA-ASPROCG) - guma association<\/title>\n<meta name=\"robots\" content=\"index, follow, max-snippet:-1, max-image-preview:large, max-video-preview:-1\" \/>\n<link rel=\"canonical\" href=\"https:\/\/associationguma.org\/index.php\/2024\/09\/16\/historique-de-lassociation-pour-la-sauvegarde-et-la-promotion-de-la-culture-guidar-guma-asprocg\/\" \/>\n<meta property=\"og:locale\" content=\"fr_FR\" \/>\n<meta property=\"og:type\" content=\"article\" \/>\n<meta property=\"og:title\" content=\"HISTORIQUE DE L\u2019ASSOCIATION POUR LA SAUVEGARDE ET LA PROMOTION DE LA CULTURE GUIDAR (GUMA-ASPROCG) - guma association\" \/>\n<meta property=\"og:description\" content=\"Au d\u00e9but de l\u2019ann\u00e9e 2007, un petit groupe de Guidar a engag\u00e9 une r\u00e9flexion sur la situation de notre culture...\" \/>\n<meta property=\"og:url\" content=\"https:\/\/associationguma.org\/index.php\/2024\/09\/16\/historique-de-lassociation-pour-la-sauvegarde-et-la-promotion-de-la-culture-guidar-guma-asprocg\/\" \/>\n<meta property=\"og:site_name\" content=\"guma association\" \/>\n<meta property=\"article:published_time\" content=\"2024-09-16T02:51:49+00:00\" \/>\n<meta property=\"article:modified_time\" content=\"2024-09-16T03:00:15+00:00\" \/>\n<meta name=\"author\" content=\"Association Guma\" \/>\n<meta name=\"twitter:card\" content=\"summary_large_image\" \/>\n<meta name=\"twitter:label1\" content=\"\u00c9crit par\" \/>\n\t<meta name=\"twitter:data1\" content=\"Association Guma\" \/>\n\t<meta name=\"twitter:label2\" content=\"Dur\u00e9e de lecture estim\u00e9e\" \/>\n\t<meta name=\"twitter:data2\" content=\"4 minutes\" \/>\n<script type=\"application\/ld+json\" class=\"yoast-schema-graph\">{\"@context\":\"https:\/\/schema.org\",\"@graph\":[{\"@type\":\"Article\",\"@id\":\"https:\/\/associationguma.org\/index.php\/2024\/09\/16\/historique-de-lassociation-pour-la-sauvegarde-et-la-promotion-de-la-culture-guidar-guma-asprocg\/#article\",\"isPartOf\":{\"@id\":\"https:\/\/associationguma.org\/index.php\/2024\/09\/16\/historique-de-lassociation-pour-la-sauvegarde-et-la-promotion-de-la-culture-guidar-guma-asprocg\/\"},\"author\":{\"name\":\"Association Guma\",\"@id\":\"https:\/\/associationguma.org\/#\/schema\/person\/350c1aebc170c877171548c11e63b49d\"},\"headline\":\"HISTORIQUE DE L\u2019ASSOCIATION POUR LA SAUVEGARDE ET LA PROMOTION DE LA CULTURE GUIDAR (GUMA-ASPROCG)\",\"datePublished\":\"2024-09-16T02:51:49+00:00\",\"dateModified\":\"2024-09-16T03:00:15+00:00\",\"mainEntityOfPage\":{\"@id\":\"https:\/\/associationguma.org\/index.php\/2024\/09\/16\/historique-de-lassociation-pour-la-sauvegarde-et-la-promotion-de-la-culture-guidar-guma-asprocg\/\"},\"wordCount\":900,\"commentCount\":0,\"publisher\":{\"@id\":\"https:\/\/associationguma.org\/#organization\"},\"articleSection\":[\"Accueil\"],\"inLanguage\":\"fr-FR\",\"potentialAction\":[{\"@type\":\"CommentAction\",\"name\":\"Comment\",\"target\":[\"https:\/\/associationguma.org\/index.php\/2024\/09\/16\/historique-de-lassociation-pour-la-sauvegarde-et-la-promotion-de-la-culture-guidar-guma-asprocg\/#respond\"]}]},{\"@type\":\"WebPage\",\"@id\":\"https:\/\/associationguma.org\/index.php\/2024\/09\/16\/historique-de-lassociation-pour-la-sauvegarde-et-la-promotion-de-la-culture-guidar-guma-asprocg\/\",\"url\":\"https:\/\/associationguma.org\/index.php\/2024\/09\/16\/historique-de-lassociation-pour-la-sauvegarde-et-la-promotion-de-la-culture-guidar-guma-asprocg\/\",\"name\":\"HISTORIQUE DE L\u2019ASSOCIATION POUR LA SAUVEGARDE ET LA PROMOTION DE LA CULTURE GUIDAR (GUMA-ASPROCG) - guma association\",\"isPartOf\":{\"@id\":\"https:\/\/associationguma.org\/#website\"},\"datePublished\":\"2024-09-16T02:51:49+00:00\",\"dateModified\":\"2024-09-16T03:00:15+00:00\",\"breadcrumb\":{\"@id\":\"https:\/\/associationguma.org\/index.php\/2024\/09\/16\/historique-de-lassociation-pour-la-sauvegarde-et-la-promotion-de-la-culture-guidar-guma-asprocg\/#breadcrumb\"},\"inLanguage\":\"fr-FR\",\"potentialAction\":[{\"@type\":\"ReadAction\",\"target\":[\"https:\/\/associationguma.org\/index.php\/2024\/09\/16\/historique-de-lassociation-pour-la-sauvegarde-et-la-promotion-de-la-culture-guidar-guma-asprocg\/\"]}]},{\"@type\":\"BreadcrumbList\",\"@id\":\"https:\/\/associationguma.org\/index.php\/2024\/09\/16\/historique-de-lassociation-pour-la-sauvegarde-et-la-promotion-de-la-culture-guidar-guma-asprocg\/#breadcrumb\",\"itemListElement\":[{\"@type\":\"ListItem\",\"position\":1,\"name\":\"Accueil\",\"item\":\"https:\/\/associationguma.org\/\"},{\"@type\":\"ListItem\",\"position\":2,\"name\":\"HISTORIQUE DE L\u2019ASSOCIATION POUR LA SAUVEGARDE ET LA PROMOTION DE LA CULTURE GUIDAR (GUMA-ASPROCG)\"}]},{\"@type\":\"WebSite\",\"@id\":\"https:\/\/associationguma.org\/#website\",\"url\":\"https:\/\/associationguma.org\/\",\"name\":\"guma association\",\"description\":\"Au coeur de la culture Guidar\",\"publisher\":{\"@id\":\"https:\/\/associationguma.org\/#organization\"},\"potentialAction\":[{\"@type\":\"SearchAction\",\"target\":{\"@type\":\"EntryPoint\",\"urlTemplate\":\"https:\/\/associationguma.org\/?s={search_term_string}\"},\"query-input\":{\"@type\":\"PropertyValueSpecification\",\"valueRequired\":true,\"valueName\":\"search_term_string\"}}],\"inLanguage\":\"fr-FR\"},{\"@type\":\"Organization\",\"@id\":\"https:\/\/associationguma.org\/#organization\",\"name\":\"guma association\",\"url\":\"https:\/\/associationguma.org\/\",\"logo\":{\"@type\":\"ImageObject\",\"inLanguage\":\"fr-FR\",\"@id\":\"https:\/\/associationguma.org\/#\/schema\/logo\/image\/\",\"url\":\"https:\/\/associationguma.org\/wp-content\/uploads\/2024\/08\/cropped-cropped-326351127_857163832180670_1878631706776092159_n.png\",\"contentUrl\":\"https:\/\/associationguma.org\/wp-content\/uploads\/2024\/08\/cropped-cropped-326351127_857163832180670_1878631706776092159_n.png\",\"width\":480,\"height\":480,\"caption\":\"guma association\"},\"image\":{\"@id\":\"https:\/\/associationguma.org\/#\/schema\/logo\/image\/\"}},{\"@type\":\"Person\",\"@id\":\"https:\/\/associationguma.org\/#\/schema\/person\/350c1aebc170c877171548c11e63b49d\",\"name\":\"Association Guma\",\"image\":{\"@type\":\"ImageObject\",\"inLanguage\":\"fr-FR\",\"@id\":\"https:\/\/associationguma.org\/#\/schema\/person\/image\/\",\"url\":\"https:\/\/secure.gravatar.com\/avatar\/1d8d2f2806f68f67d54c8b5483f974cb4507a2d15efa290b1c53d08a81e9e440?s=96&d=mm&r=g\",\"contentUrl\":\"https:\/\/secure.gravatar.com\/avatar\/1d8d2f2806f68f67d54c8b5483f974cb4507a2d15efa290b1c53d08a81e9e440?s=96&d=mm&r=g\",\"caption\":\"Association Guma\"},\"sameAs\":[\"http:\/\/associationguma.org\"],\"url\":\"https:\/\/associationguma.org\/index.php\/author\/admin3893\/\"}]}<\/script>\n<!-- \/ Yoast SEO plugin. -->","yoast_head_json":{"title":"HISTORIQUE DE L\u2019ASSOCIATION POUR LA SAUVEGARDE ET LA PROMOTION DE LA CULTURE GUIDAR (GUMA-ASPROCG) - guma association","robots":{"index":"index","follow":"follow","max-snippet":"max-snippet:-1","max-image-preview":"max-image-preview:large","max-video-preview":"max-video-preview:-1"},"canonical":"https:\/\/associationguma.org\/index.php\/2024\/09\/16\/historique-de-lassociation-pour-la-sauvegarde-et-la-promotion-de-la-culture-guidar-guma-asprocg\/","og_locale":"fr_FR","og_type":"article","og_title":"HISTORIQUE DE L\u2019ASSOCIATION POUR LA SAUVEGARDE ET LA PROMOTION DE LA CULTURE GUIDAR (GUMA-ASPROCG) - guma association","og_description":"Au d\u00e9but de l\u2019ann\u00e9e 2007, un petit groupe de Guidar a engag\u00e9 une r\u00e9flexion sur la situation de notre culture...","og_url":"https:\/\/associationguma.org\/index.php\/2024\/09\/16\/historique-de-lassociation-pour-la-sauvegarde-et-la-promotion-de-la-culture-guidar-guma-asprocg\/","og_site_name":"guma association","article_published_time":"2024-09-16T02:51:49+00:00","article_modified_time":"2024-09-16T03:00:15+00:00","author":"Association Guma","twitter_card":"summary_large_image","twitter_misc":{"\u00c9crit par":"Association Guma","Dur\u00e9e de lecture estim\u00e9e":"4 minutes"},"schema":{"@context":"https:\/\/schema.org","@graph":[{"@type":"Article","@id":"https:\/\/associationguma.org\/index.php\/2024\/09\/16\/historique-de-lassociation-pour-la-sauvegarde-et-la-promotion-de-la-culture-guidar-guma-asprocg\/#article","isPartOf":{"@id":"https:\/\/associationguma.org\/index.php\/2024\/09\/16\/historique-de-lassociation-pour-la-sauvegarde-et-la-promotion-de-la-culture-guidar-guma-asprocg\/"},"author":{"name":"Association Guma","@id":"https:\/\/associationguma.org\/#\/schema\/person\/350c1aebc170c877171548c11e63b49d"},"headline":"HISTORIQUE DE L\u2019ASSOCIATION POUR LA SAUVEGARDE ET LA PROMOTION DE LA CULTURE GUIDAR (GUMA-ASPROCG)","datePublished":"2024-09-16T02:51:49+00:00","dateModified":"2024-09-16T03:00:15+00:00","mainEntityOfPage":{"@id":"https:\/\/associationguma.org\/index.php\/2024\/09\/16\/historique-de-lassociation-pour-la-sauvegarde-et-la-promotion-de-la-culture-guidar-guma-asprocg\/"},"wordCount":900,"commentCount":0,"publisher":{"@id":"https:\/\/associationguma.org\/#organization"},"articleSection":["Accueil"],"inLanguage":"fr-FR","potentialAction":[{"@type":"CommentAction","name":"Comment","target":["https:\/\/associationguma.org\/index.php\/2024\/09\/16\/historique-de-lassociation-pour-la-sauvegarde-et-la-promotion-de-la-culture-guidar-guma-asprocg\/#respond"]}]},{"@type":"WebPage","@id":"https:\/\/associationguma.org\/index.php\/2024\/09\/16\/historique-de-lassociation-pour-la-sauvegarde-et-la-promotion-de-la-culture-guidar-guma-asprocg\/","url":"https:\/\/associationguma.org\/index.php\/2024\/09\/16\/historique-de-lassociation-pour-la-sauvegarde-et-la-promotion-de-la-culture-guidar-guma-asprocg\/","name":"HISTORIQUE DE L\u2019ASSOCIATION POUR LA SAUVEGARDE ET LA PROMOTION DE LA CULTURE GUIDAR (GUMA-ASPROCG) - guma association","isPartOf":{"@id":"https:\/\/associationguma.org\/#website"},"datePublished":"2024-09-16T02:51:49+00:00","dateModified":"2024-09-16T03:00:15+00:00","breadcrumb":{"@id":"https:\/\/associationguma.org\/index.php\/2024\/09\/16\/historique-de-lassociation-pour-la-sauvegarde-et-la-promotion-de-la-culture-guidar-guma-asprocg\/#breadcrumb"},"inLanguage":"fr-FR","potentialAction":[{"@type":"ReadAction","target":["https:\/\/associationguma.org\/index.php\/2024\/09\/16\/historique-de-lassociation-pour-la-sauvegarde-et-la-promotion-de-la-culture-guidar-guma-asprocg\/"]}]},{"@type":"BreadcrumbList","@id":"https:\/\/associationguma.org\/index.php\/2024\/09\/16\/historique-de-lassociation-pour-la-sauvegarde-et-la-promotion-de-la-culture-guidar-guma-asprocg\/#breadcrumb","itemListElement":[{"@type":"ListItem","position":1,"name":"Accueil","item":"https:\/\/associationguma.org\/"},{"@type":"ListItem","position":2,"name":"HISTORIQUE DE L\u2019ASSOCIATION POUR LA SAUVEGARDE ET LA PROMOTION DE LA CULTURE GUIDAR (GUMA-ASPROCG)"}]},{"@type":"WebSite","@id":"https:\/\/associationguma.org\/#website","url":"https:\/\/associationguma.org\/","name":"guma association","description":"Au coeur de la culture Guidar","publisher":{"@id":"https:\/\/associationguma.org\/#organization"},"potentialAction":[{"@type":"SearchAction","target":{"@type":"EntryPoint","urlTemplate":"https:\/\/associationguma.org\/?s={search_term_string}"},"query-input":{"@type":"PropertyValueSpecification","valueRequired":true,"valueName":"search_term_string"}}],"inLanguage":"fr-FR"},{"@type":"Organization","@id":"https:\/\/associationguma.org\/#organization","name":"guma association","url":"https:\/\/associationguma.org\/","logo":{"@type":"ImageObject","inLanguage":"fr-FR","@id":"https:\/\/associationguma.org\/#\/schema\/logo\/image\/","url":"https:\/\/associationguma.org\/wp-content\/uploads\/2024\/08\/cropped-cropped-326351127_857163832180670_1878631706776092159_n.png","contentUrl":"https:\/\/associationguma.org\/wp-content\/uploads\/2024\/08\/cropped-cropped-326351127_857163832180670_1878631706776092159_n.png","width":480,"height":480,"caption":"guma association"},"image":{"@id":"https:\/\/associationguma.org\/#\/schema\/logo\/image\/"}},{"@type":"Person","@id":"https:\/\/associationguma.org\/#\/schema\/person\/350c1aebc170c877171548c11e63b49d","name":"Association Guma","image":{"@type":"ImageObject","inLanguage":"fr-FR","@id":"https:\/\/associationguma.org\/#\/schema\/person\/image\/","url":"https:\/\/secure.gravatar.com\/avatar\/1d8d2f2806f68f67d54c8b5483f974cb4507a2d15efa290b1c53d08a81e9e440?s=96&d=mm&r=g","contentUrl":"https:\/\/secure.gravatar.com\/avatar\/1d8d2f2806f68f67d54c8b5483f974cb4507a2d15efa290b1c53d08a81e9e440?s=96&d=mm&r=g","caption":"Association Guma"},"sameAs":["http:\/\/associationguma.org"],"url":"https:\/\/associationguma.org\/index.php\/author\/admin3893\/"}]}},"_links":{"self":[{"href":"https:\/\/associationguma.org\/index.php\/wp-json\/wp\/v2\/posts\/199","targetHints":{"allow":["GET"]}}],"collection":[{"href":"https:\/\/associationguma.org\/index.php\/wp-json\/wp\/v2\/posts"}],"about":[{"href":"https:\/\/associationguma.org\/index.php\/wp-json\/wp\/v2\/types\/post"}],"author":[{"embeddable":true,"href":"https:\/\/associationguma.org\/index.php\/wp-json\/wp\/v2\/users\/1"}],"replies":[{"embeddable":true,"href":"https:\/\/associationguma.org\/index.php\/wp-json\/wp\/v2\/comments?post=199"}],"version-history":[{"count":7,"href":"https:\/\/associationguma.org\/index.php\/wp-json\/wp\/v2\/posts\/199\/revisions"}],"predecessor-version":[{"id":206,"href":"https:\/\/associationguma.org\/index.php\/wp-json\/wp\/v2\/posts\/199\/revisions\/206"}],"wp:attachment":[{"href":"https:\/\/associationguma.org\/index.php\/wp-json\/wp\/v2\/media?parent=199"}],"wp:term":[{"taxonomy":"category","embeddable":true,"href":"https:\/\/associationguma.org\/index.php\/wp-json\/wp\/v2\/categories?post=199"},{"taxonomy":"post_tag","embeddable":true,"href":"https:\/\/associationguma.org\/index.php\/wp-json\/wp\/v2\/tags?post=199"}],"curies":[{"name":"wp","href":"https:\/\/api.w.org\/{rel}","templated":true}]}}