{"id":131,"date":"2024-09-16T03:07:23","date_gmt":"2024-09-16T01:07:23","guid":{"rendered":"https:\/\/associationguma.org\/?p=131"},"modified":"2024-09-22T04:53:47","modified_gmt":"2024-09-22T03:53:47","slug":"elementor-page-145","status":"publish","type":"post","link":"https:\/\/associationguma.org\/index.php\/2024\/09\/16\/elementor-page-145\/","title":{"rendered":"D\u00e9cision n\u00b0 2 de cr\u00e9ation des antennes"},"content":{"rendered":"\t\t<div data-elementor-type=\"wp-post\" data-elementor-id=\"131\" class=\"elementor elementor-131\">\n\t\t\t\t<div class=\"elementor-element elementor-element-34d995be e-flex e-con-boxed e-con e-parent\" data-id=\"34d995be\" data-element_type=\"container\">\n\t\t\t\t\t<div class=\"e-con-inner\">\n\t\t\t\t<div class=\"elementor-element elementor-element-37da607f elementor-drop-cap-yes elementor-drop-cap-view-framed elementor-widget elementor-widget-text-editor\" data-id=\"37da607f\" data-element_type=\"widget\" data-settings=\"{&quot;drop_cap&quot;:&quot;yes&quot;}\" data-widget_type=\"text-editor.default\">\n\t\t\t\t<div class=\"elementor-widget-container\">\n\t\t\t\t\t\t\t<!-- wp:paragraph {\"align\":\"center\"} -->\n<h1 class=\"has-text-align-center\"><strong>ASSOCIATION<\/strong> <strong>POUR LA SAUVEGARDE ET LA PROMOTION<\/strong><\/h1>\n<!-- \/wp:paragraph --><!-- wp:paragraph {\"align\":\"center\"} -->\n<h1 class=\"has-text-align-center\"><strong>DE LA CULTURE GUIDAR<\/strong><\/h1>\n<!-- \/wp:paragraph --><!-- wp:paragraph {\"align\":\"center\"} -->\n<h2 class=\"has-text-align-center\"><strong>(GUMA-ASPROCG)<\/strong><\/h2>\n<!-- \/wp:paragraph --><!-- wp:paragraph {\"align\":\"center\"} -->\n<p class=\"has-text-align-center\"><strong>______________<\/strong><\/p>\n<!-- \/wp:paragraph --><!-- wp:paragraph {\"align\":\"center\"} -->\n<h2 class=\"has-text-align-center\"><strong>BUREAU EXECUTIF<\/strong><\/h2>\n<!-- \/wp:paragraph --><!-- wp:paragraph {\"align\":\"center\"} -->\n<p class=\"has-text-align-center\"><strong>_____________<\/strong><\/p>\n<!-- \/wp:paragraph --><!-- wp:paragraph {\"align\":\"center\"} -->\n<h3 class=\"has-text-align-center\"><strong>DECISION n\u00b002\/2009\/PBE<\/strong> <strong>portant cr\u00e9ation d\u2019Antennes<\/strong><\/h3>\n<h3><!-- \/wp:paragraph --><!-- wp:paragraph {\"align\":\"center\"} --><\/h3>\n<h3 class=\"has-text-align-center\"><strong>Le pr\u00e9sident du Bureau ex\u00e9cutif<\/strong>,<\/h3>\n<!-- \/wp:paragraph --><!-- wp:paragraph -->\n<p>Vu les statuts et le r\u00e8glement int\u00e9rieur de l\u2019Association pour la promotion de la culture guidar (GUMA-ASPROCG),<\/p>\n<!-- \/wp:paragraph --><!-- wp:paragraph -->\n<p>Vu la n\u00e9cessit\u00e9 d\u2019une bonne organisation de l\u2019Association,<\/p>\n<!-- \/wp:paragraph --><!-- wp:paragraph {\"align\":\"center\"} -->\n<h3 class=\"has-text-align-center\"><strong>DECIDE<\/strong><\/h3>\n<!-- \/wp:paragraph --><!-- wp:paragraph -->\n<p><strong><u>Article 1<\/u><\/strong>.- La pr\u00e9sente d\u00e9cision rapporte et remplace la d\u00e9cision n\u00b001\/2009\/PBE portant\u00a0 cr\u00e9ation d\u2019antennes.<\/p>\n<!-- \/wp:paragraph --><!-- wp:paragraph -->\n<p>\u00a0<strong><u>Article 2<\/u><\/strong>.- Sont cr\u00e9\u00e9es les antennes de l\u2019Association pour la promotion de la culture guidar (GUMA-ASPROCG) dans les localit\u00e9s suivantes\u00a0:<\/p>\n<!-- \/wp:paragraph --><!-- wp:list -->\n<ul class=\"wp-block-list\"><!-- wp:list-item -->\n<li>FIGUIL, couvrant l\u2019arrondissement de Figuil\u00a0;<\/li>\n<!-- \/wp:list-item --><!-- wp:list-item -->\n<li>GUIDER, couvrant les arrondissements de Guider et de Mayo Oulo\u00a0;<\/li>\n<!-- \/wp:list-item --><!-- wp:list-item -->\n<li>GAROUA, couvrant les d\u00e9partements de la B\u00e9nou\u00e9, du Mayo Rey et du Faro\u00a0;<\/li>\n<!-- \/wp:list-item --><!-- wp:list-item -->\n<li>MAROUA, couvrant la r\u00e9gion de l\u2019Extr\u00eame-Nord\u00a0;<\/li>\n<!-- \/wp:list-item --><!-- wp:list-item -->\n<li>NGAOUNDERE, couvrant la r\u00e9gion de l\u2019Adamaoua\u00a0;<\/li>\n<!-- \/wp:list-item --><!-- wp:list-item -->\n<li>YAOUNDE, couvrant les r\u00e9gions du Centre et du Sud\u00a0;<\/li>\n<!-- \/wp:list-item --><!-- wp:list-item -->\n<li>BERTOUA, couvrant la r\u00e9gion de l\u2019Est\u00a0;<\/li>\n<!-- \/wp:list-item --><!-- wp:list-item -->\n<li>BAFOUSSAM, couvrant les r\u00e9gions de l\u2019Ouest et du Nord-Ouest\u00a0;<\/li>\n<!-- \/wp:list-item --><!-- wp:list-item -->\n<li>DOUALA, couvrant les r\u00e9gions du Littoral et du Sud-Ouest\u00a0;<\/li>\n<!-- \/wp:list-item --><!-- wp:list-item -->\n<li>LERE, pour les Guidar du Tchad\u00a0;<\/li>\n<!-- \/wp:list-item --><!-- wp:list-item -->\n<li>PARIS, pour tous les Guidar membres de la diaspora, install\u00e9s en Europe, aux Etats-Unis et au Canada.<\/li>\n<!-- \/wp:list-item --><\/ul>\n<!-- \/wp:list --><!-- wp:paragraph -->\n<p><strong><u>Article 3<\/u><\/strong>.- Les Guidar install\u00e9s dans d\u2019autres pays d\u2019Afrique ou dans d\u2019autres parties du monde o\u00f9 une antenne de l\u2019Association n\u2019existe pas, peuvent se rattacher \u00e0 une antenne de leur convenance.<\/p>\n<!-- \/wp:paragraph --><!-- wp:paragraph -->\n<p><strong><u>Article 4<\/u><\/strong>.- D\u2019autres antennes pourront \u00eatre cr\u00e9\u00e9es en cas de n\u00e9cessit\u00e9 organisationnelle.<\/p>\n<!-- \/wp:paragraph --><!-- wp:paragraph -->\n<p><strong><u>Article 5<\/u><\/strong>.- Les antennes peuvent cr\u00e9er des sous-antennes, en fonction de la n\u00e9cessit\u00e9 d\u2019organisation.<\/p>\n<!-- \/wp:paragraph --><!-- wp:paragraph -->\n<p>Yaound\u00e9, le 10 d\u00e9cembre 2009<\/p>\n<!-- \/wp:paragraph --><!-- wp:paragraph -->\n<p style=\"text-align: left;\">Le Pr\u00e9sident du bureau ex\u00e9cutif<\/p>\n<!-- \/wp:paragraph --><!-- wp:image -->\n<figure class=\"wp-block-image\"><img alt=\"\" \/><\/figure>\n<!-- \/wp:image --><!-- wp:paragraph {\"align\":\"right\"} -->\n<h4 class=\"has-text-align-right\" style=\"padding-left: 40px;\"><strong><u>Dr Albert Douffissa<\/u><\/strong><\/h4>\n<!-- \/wp:paragraph -->\t\t\t\t\t\t<\/div>\n\t\t\t\t<\/div>\n\t\t\t\t\t<\/div>\n\t\t\t\t<\/div>\n\t\t<div class=\"elementor-element elementor-element-33a2e0d e-grid e-con-boxed e-con e-parent\" data-id=\"33a2e0d\" data-element_type=\"container\">\n\t\t\t\t\t<div class=\"e-con-inner\">\n\t\t\t\t\t<\/div>\n\t\t\t\t<\/div>\n\t\t\t\t<\/div>\n\t\t","protected":false},"excerpt":{"rendered":"<p>ASSOCIATION POUR LA SAUVEGARDE ET LA PROMOTION DE LA CULTURE GUIDAR (GUMA-ASPROCG) ______________ BUREAU EXECUTIF _____________ DECISION n\u00b002\/2009\/PBE portant cr\u00e9ation d\u2019Antennes Le pr\u00e9sident du Bureau ex\u00e9cutif, Vu les statuts et le r\u00e8glement int\u00e9rieur de l\u2019Association pour la promotion de la culture guidar (GUMA-ASPROCG), Vu la n\u00e9cessit\u00e9 d\u2019une bonne organisation de l\u2019Association, DECIDE Article 1.- La [&hellip;]<\/p>\n","protected":false},"author":1,"featured_media":313,"comment_status":"open","ping_status":"open","sticky":false,"template":"elementor_header_footer","format":"standard","meta":{"footnotes":""},"categories":[9],"tags":[],"class_list":["post-131","post","type-post","status-publish","format-standard","has-post-thumbnail","hentry","category-association"],"yoast_head":"<!-- This site is optimized with the Yoast SEO plugin v23.5 - https:\/\/yoast.com\/wordpress\/plugins\/seo\/ -->\n<title>D\u00e9cision n\u00b0 2 de cr\u00e9ation des antennes - guma association<\/title>\n<meta name=\"robots\" content=\"index, follow, max-snippet:-1, max-image-preview:large, max-video-preview:-1\" \/>\n<link rel=\"canonical\" href=\"https:\/\/associationguma.org\/index.php\/2024\/09\/16\/elementor-page-145\/\" \/>\n<meta property=\"og:locale\" content=\"fr_FR\" \/>\n<meta property=\"og:type\" content=\"article\" \/>\n<meta property=\"og:title\" content=\"D\u00e9cision n\u00b0 2 de cr\u00e9ation des antennes - guma association\" \/>\n<meta property=\"og:description\" content=\"ASSOCIATION POUR LA SAUVEGARDE ET LA PROMOTION DE LA CULTURE GUIDAR (GUMA-ASPROCG) ______________ BUREAU EXECUTIF _____________ DECISION n\u00b002\/2009\/PBE portant cr\u00e9ation d\u2019Antennes Le pr\u00e9sident du Bureau ex\u00e9cutif, Vu les statuts et le r\u00e8glement int\u00e9rieur de l\u2019Association pour la promotion de la culture guidar (GUMA-ASPROCG), Vu la n\u00e9cessit\u00e9 d\u2019une bonne organisation de l\u2019Association, DECIDE Article 1.- La [&hellip;]\" \/>\n<meta property=\"og:url\" content=\"https:\/\/associationguma.org\/index.php\/2024\/09\/16\/elementor-page-145\/\" \/>\n<meta property=\"og:site_name\" content=\"guma association\" \/>\n<meta property=\"article:published_time\" content=\"2024-09-16T01:07:23+00:00\" \/>\n<meta property=\"article:modified_time\" content=\"2024-09-22T03:53:47+00:00\" \/>\n<meta property=\"og:image\" content=\"http:\/\/associationguma.org\/wp-content\/uploads\/2024\/09\/Culture.png\" \/>\n\t<meta property=\"og:image:width\" content=\"1024\" \/>\n\t<meta property=\"og:image:height\" content=\"768\" \/>\n\t<meta property=\"og:image:type\" content=\"image\/png\" \/>\n<meta name=\"author\" content=\"Association Guma\" \/>\n<meta name=\"twitter:card\" content=\"summary_large_image\" \/>\n<meta name=\"twitter:label1\" content=\"\u00c9crit par\" \/>\n\t<meta name=\"twitter:data1\" content=\"Association Guma\" \/>\n\t<meta name=\"twitter:label2\" content=\"Dur\u00e9e de lecture estim\u00e9e\" \/>\n\t<meta name=\"twitter:data2\" content=\"2 minutes\" \/>\n<script type=\"application\/ld+json\" class=\"yoast-schema-graph\">{\"@context\":\"https:\/\/schema.org\",\"@graph\":[{\"@type\":\"Article\",\"@id\":\"https:\/\/associationguma.org\/index.php\/2024\/09\/16\/elementor-page-145\/#article\",\"isPartOf\":{\"@id\":\"https:\/\/associationguma.org\/index.php\/2024\/09\/16\/elementor-page-145\/\"},\"author\":{\"name\":\"Association Guma\",\"@id\":\"https:\/\/associationguma.org\/#\/schema\/person\/350c1aebc170c877171548c11e63b49d\"},\"headline\":\"D\u00e9cision n\u00b0 2 de cr\u00e9ation des antennes\",\"datePublished\":\"2024-09-16T01:07:23+00:00\",\"dateModified\":\"2024-09-22T03:53:47+00:00\",\"mainEntityOfPage\":{\"@id\":\"https:\/\/associationguma.org\/index.php\/2024\/09\/16\/elementor-page-145\/\"},\"wordCount\":305,\"commentCount\":0,\"publisher\":{\"@id\":\"https:\/\/associationguma.org\/#organization\"},\"image\":{\"@id\":\"https:\/\/associationguma.org\/index.php\/2024\/09\/16\/elementor-page-145\/#primaryimage\"},\"thumbnailUrl\":\"https:\/\/associationguma.org\/wp-content\/uploads\/2024\/09\/Culture.png\",\"articleSection\":[\"Association\"],\"inLanguage\":\"fr-FR\",\"potentialAction\":[{\"@type\":\"CommentAction\",\"name\":\"Comment\",\"target\":[\"https:\/\/associationguma.org\/index.php\/2024\/09\/16\/elementor-page-145\/#respond\"]}]},{\"@type\":\"WebPage\",\"@id\":\"https:\/\/associationguma.org\/index.php\/2024\/09\/16\/elementor-page-145\/\",\"url\":\"https:\/\/associationguma.org\/index.php\/2024\/09\/16\/elementor-page-145\/\",\"name\":\"D\u00e9cision n\u00b0 2 de cr\u00e9ation des antennes - guma association\",\"isPartOf\":{\"@id\":\"https:\/\/associationguma.org\/#website\"},\"primaryImageOfPage\":{\"@id\":\"https:\/\/associationguma.org\/index.php\/2024\/09\/16\/elementor-page-145\/#primaryimage\"},\"image\":{\"@id\":\"https:\/\/associationguma.org\/index.php\/2024\/09\/16\/elementor-page-145\/#primaryimage\"},\"thumbnailUrl\":\"https:\/\/associationguma.org\/wp-content\/uploads\/2024\/09\/Culture.png\",\"datePublished\":\"2024-09-16T01:07:23+00:00\",\"dateModified\":\"2024-09-22T03:53:47+00:00\",\"breadcrumb\":{\"@id\":\"https:\/\/associationguma.org\/index.php\/2024\/09\/16\/elementor-page-145\/#breadcrumb\"},\"inLanguage\":\"fr-FR\",\"potentialAction\":[{\"@type\":\"ReadAction\",\"target\":[\"https:\/\/associationguma.org\/index.php\/2024\/09\/16\/elementor-page-145\/\"]}]},{\"@type\":\"ImageObject\",\"inLanguage\":\"fr-FR\",\"@id\":\"https:\/\/associationguma.org\/index.php\/2024\/09\/16\/elementor-page-145\/#primaryimage\",\"url\":\"https:\/\/associationguma.org\/wp-content\/uploads\/2024\/09\/Culture.png\",\"contentUrl\":\"https:\/\/associationguma.org\/wp-content\/uploads\/2024\/09\/Culture.png\",\"width\":1024,\"height\":768},{\"@type\":\"BreadcrumbList\",\"@id\":\"https:\/\/associationguma.org\/index.php\/2024\/09\/16\/elementor-page-145\/#breadcrumb\",\"itemListElement\":[{\"@type\":\"ListItem\",\"position\":1,\"name\":\"Accueil\",\"item\":\"https:\/\/associationguma.org\/\"},{\"@type\":\"ListItem\",\"position\":2,\"name\":\"D\u00e9cision n\u00b0 2 de cr\u00e9ation des antennes\"}]},{\"@type\":\"WebSite\",\"@id\":\"https:\/\/associationguma.org\/#website\",\"url\":\"https:\/\/associationguma.org\/\",\"name\":\"guma association\",\"description\":\"Au coeur de la culture Guidar\",\"publisher\":{\"@id\":\"https:\/\/associationguma.org\/#organization\"},\"potentialAction\":[{\"@type\":\"SearchAction\",\"target\":{\"@type\":\"EntryPoint\",\"urlTemplate\":\"https:\/\/associationguma.org\/?s={search_term_string}\"},\"query-input\":{\"@type\":\"PropertyValueSpecification\",\"valueRequired\":true,\"valueName\":\"search_term_string\"}}],\"inLanguage\":\"fr-FR\"},{\"@type\":\"Organization\",\"@id\":\"https:\/\/associationguma.org\/#organization\",\"name\":\"guma association\",\"url\":\"https:\/\/associationguma.org\/\",\"logo\":{\"@type\":\"ImageObject\",\"inLanguage\":\"fr-FR\",\"@id\":\"https:\/\/associationguma.org\/#\/schema\/logo\/image\/\",\"url\":\"https:\/\/associationguma.org\/wp-content\/uploads\/2024\/08\/cropped-cropped-326351127_857163832180670_1878631706776092159_n.png\",\"contentUrl\":\"https:\/\/associationguma.org\/wp-content\/uploads\/2024\/08\/cropped-cropped-326351127_857163832180670_1878631706776092159_n.png\",\"width\":480,\"height\":480,\"caption\":\"guma association\"},\"image\":{\"@id\":\"https:\/\/associationguma.org\/#\/schema\/logo\/image\/\"}},{\"@type\":\"Person\",\"@id\":\"https:\/\/associationguma.org\/#\/schema\/person\/350c1aebc170c877171548c11e63b49d\",\"name\":\"Association Guma\",\"image\":{\"@type\":\"ImageObject\",\"inLanguage\":\"fr-FR\",\"@id\":\"https:\/\/associationguma.org\/#\/schema\/person\/image\/\",\"url\":\"https:\/\/secure.gravatar.com\/avatar\/1d8d2f2806f68f67d54c8b5483f974cb4507a2d15efa290b1c53d08a81e9e440?s=96&d=mm&r=g\",\"contentUrl\":\"https:\/\/secure.gravatar.com\/avatar\/1d8d2f2806f68f67d54c8b5483f974cb4507a2d15efa290b1c53d08a81e9e440?s=96&d=mm&r=g\",\"caption\":\"Association Guma\"},\"sameAs\":[\"http:\/\/associationguma.org\"],\"url\":\"https:\/\/associationguma.org\/index.php\/author\/admin3893\/\"}]}<\/script>\n<!-- \/ Yoast SEO plugin. -->","yoast_head_json":{"title":"D\u00e9cision n\u00b0 2 de cr\u00e9ation des antennes - guma association","robots":{"index":"index","follow":"follow","max-snippet":"max-snippet:-1","max-image-preview":"max-image-preview:large","max-video-preview":"max-video-preview:-1"},"canonical":"https:\/\/associationguma.org\/index.php\/2024\/09\/16\/elementor-page-145\/","og_locale":"fr_FR","og_type":"article","og_title":"D\u00e9cision n\u00b0 2 de cr\u00e9ation des antennes - guma association","og_description":"ASSOCIATION POUR LA SAUVEGARDE ET LA PROMOTION DE LA CULTURE GUIDAR (GUMA-ASPROCG) ______________ BUREAU EXECUTIF _____________ DECISION n\u00b002\/2009\/PBE portant cr\u00e9ation d\u2019Antennes Le pr\u00e9sident du Bureau ex\u00e9cutif, Vu les statuts et le r\u00e8glement int\u00e9rieur de l\u2019Association pour la promotion de la culture guidar (GUMA-ASPROCG), Vu la n\u00e9cessit\u00e9 d\u2019une bonne organisation de l\u2019Association, DECIDE Article 1.- La [&hellip;]","og_url":"https:\/\/associationguma.org\/index.php\/2024\/09\/16\/elementor-page-145\/","og_site_name":"guma association","article_published_time":"2024-09-16T01:07:23+00:00","article_modified_time":"2024-09-22T03:53:47+00:00","og_image":[{"width":1024,"height":768,"url":"http:\/\/associationguma.org\/wp-content\/uploads\/2024\/09\/Culture.png","type":"image\/png"}],"author":"Association Guma","twitter_card":"summary_large_image","twitter_misc":{"\u00c9crit par":"Association Guma","Dur\u00e9e de lecture estim\u00e9e":"2 minutes"},"schema":{"@context":"https:\/\/schema.org","@graph":[{"@type":"Article","@id":"https:\/\/associationguma.org\/index.php\/2024\/09\/16\/elementor-page-145\/#article","isPartOf":{"@id":"https:\/\/associationguma.org\/index.php\/2024\/09\/16\/elementor-page-145\/"},"author":{"name":"Association Guma","@id":"https:\/\/associationguma.org\/#\/schema\/person\/350c1aebc170c877171548c11e63b49d"},"headline":"D\u00e9cision n\u00b0 2 de cr\u00e9ation des antennes","datePublished":"2024-09-16T01:07:23+00:00","dateModified":"2024-09-22T03:53:47+00:00","mainEntityOfPage":{"@id":"https:\/\/associationguma.org\/index.php\/2024\/09\/16\/elementor-page-145\/"},"wordCount":305,"commentCount":0,"publisher":{"@id":"https:\/\/associationguma.org\/#organization"},"image":{"@id":"https:\/\/associationguma.org\/index.php\/2024\/09\/16\/elementor-page-145\/#primaryimage"},"thumbnailUrl":"https:\/\/associationguma.org\/wp-content\/uploads\/2024\/09\/Culture.png","articleSection":["Association"],"inLanguage":"fr-FR","potentialAction":[{"@type":"CommentAction","name":"Comment","target":["https:\/\/associationguma.org\/index.php\/2024\/09\/16\/elementor-page-145\/#respond"]}]},{"@type":"WebPage","@id":"https:\/\/associationguma.org\/index.php\/2024\/09\/16\/elementor-page-145\/","url":"https:\/\/associationguma.org\/index.php\/2024\/09\/16\/elementor-page-145\/","name":"D\u00e9cision n\u00b0 2 de cr\u00e9ation des antennes - guma association","isPartOf":{"@id":"https:\/\/associationguma.org\/#website"},"primaryImageOfPage":{"@id":"https:\/\/associationguma.org\/index.php\/2024\/09\/16\/elementor-page-145\/#primaryimage"},"image":{"@id":"https:\/\/associationguma.org\/index.php\/2024\/09\/16\/elementor-page-145\/#primaryimage"},"thumbnailUrl":"https:\/\/associationguma.org\/wp-content\/uploads\/2024\/09\/Culture.png","datePublished":"2024-09-16T01:07:23+00:00","dateModified":"2024-09-22T03:53:47+00:00","breadcrumb":{"@id":"https:\/\/associationguma.org\/index.php\/2024\/09\/16\/elementor-page-145\/#breadcrumb"},"inLanguage":"fr-FR","potentialAction":[{"@type":"ReadAction","target":["https:\/\/associationguma.org\/index.php\/2024\/09\/16\/elementor-page-145\/"]}]},{"@type":"ImageObject","inLanguage":"fr-FR","@id":"https:\/\/associationguma.org\/index.php\/2024\/09\/16\/elementor-page-145\/#primaryimage","url":"https:\/\/associationguma.org\/wp-content\/uploads\/2024\/09\/Culture.png","contentUrl":"https:\/\/associationguma.org\/wp-content\/uploads\/2024\/09\/Culture.png","width":1024,"height":768},{"@type":"BreadcrumbList","@id":"https:\/\/associationguma.org\/index.php\/2024\/09\/16\/elementor-page-145\/#breadcrumb","itemListElement":[{"@type":"ListItem","position":1,"name":"Accueil","item":"https:\/\/associationguma.org\/"},{"@type":"ListItem","position":2,"name":"D\u00e9cision n\u00b0 2 de cr\u00e9ation des antennes"}]},{"@type":"WebSite","@id":"https:\/\/associationguma.org\/#website","url":"https:\/\/associationguma.org\/","name":"guma association","description":"Au coeur de la culture Guidar","publisher":{"@id":"https:\/\/associationguma.org\/#organization"},"potentialAction":[{"@type":"SearchAction","target":{"@type":"EntryPoint","urlTemplate":"https:\/\/associationguma.org\/?s={search_term_string}"},"query-input":{"@type":"PropertyValueSpecification","valueRequired":true,"valueName":"search_term_string"}}],"inLanguage":"fr-FR"},{"@type":"Organization","@id":"https:\/\/associationguma.org\/#organization","name":"guma association","url":"https:\/\/associationguma.org\/","logo":{"@type":"ImageObject","inLanguage":"fr-FR","@id":"https:\/\/associationguma.org\/#\/schema\/logo\/image\/","url":"https:\/\/associationguma.org\/wp-content\/uploads\/2024\/08\/cropped-cropped-326351127_857163832180670_1878631706776092159_n.png","contentUrl":"https:\/\/associationguma.org\/wp-content\/uploads\/2024\/08\/cropped-cropped-326351127_857163832180670_1878631706776092159_n.png","width":480,"height":480,"caption":"guma association"},"image":{"@id":"https:\/\/associationguma.org\/#\/schema\/logo\/image\/"}},{"@type":"Person","@id":"https:\/\/associationguma.org\/#\/schema\/person\/350c1aebc170c877171548c11e63b49d","name":"Association Guma","image":{"@type":"ImageObject","inLanguage":"fr-FR","@id":"https:\/\/associationguma.org\/#\/schema\/person\/image\/","url":"https:\/\/secure.gravatar.com\/avatar\/1d8d2f2806f68f67d54c8b5483f974cb4507a2d15efa290b1c53d08a81e9e440?s=96&d=mm&r=g","contentUrl":"https:\/\/secure.gravatar.com\/avatar\/1d8d2f2806f68f67d54c8b5483f974cb4507a2d15efa290b1c53d08a81e9e440?s=96&d=mm&r=g","caption":"Association Guma"},"sameAs":["http:\/\/associationguma.org"],"url":"https:\/\/associationguma.org\/index.php\/author\/admin3893\/"}]}},"_links":{"self":[{"href":"https:\/\/associationguma.org\/index.php\/wp-json\/wp\/v2\/posts\/131","targetHints":{"allow":["GET"]}}],"collection":[{"href":"https:\/\/associationguma.org\/index.php\/wp-json\/wp\/v2\/posts"}],"about":[{"href":"https:\/\/associationguma.org\/index.php\/wp-json\/wp\/v2\/types\/post"}],"author":[{"embeddable":true,"href":"https:\/\/associationguma.org\/index.php\/wp-json\/wp\/v2\/users\/1"}],"replies":[{"embeddable":true,"href":"https:\/\/associationguma.org\/index.php\/wp-json\/wp\/v2\/comments?post=131"}],"version-history":[{"count":4,"href":"https:\/\/associationguma.org\/index.php\/wp-json\/wp\/v2\/posts\/131\/revisions"}],"predecessor-version":[{"id":137,"href":"https:\/\/associationguma.org\/index.php\/wp-json\/wp\/v2\/posts\/131\/revisions\/137"}],"wp:featuredmedia":[{"embeddable":true,"href":"https:\/\/associationguma.org\/index.php\/wp-json\/wp\/v2\/media\/313"}],"wp:attachment":[{"href":"https:\/\/associationguma.org\/index.php\/wp-json\/wp\/v2\/media?parent=131"}],"wp:term":[{"taxonomy":"category","embeddable":true,"href":"https:\/\/associationguma.org\/index.php\/wp-json\/wp\/v2\/categories?post=131"},{"taxonomy":"post_tag","embeddable":true,"href":"https:\/\/associationguma.org\/index.php\/wp-json\/wp\/v2\/tags?post=131"}],"curies":[{"name":"wp","href":"https:\/\/api.w.org\/{rel}","templated":true}]}}